{"id":25970,"date":"2021-04-14T20:35:59","date_gmt":"2021-04-15T01:35:59","guid":{"rendered":"http:\/\/www.zonaroja.com.mx\/?p=25970"},"modified":"2021-04-14T20:36:03","modified_gmt":"2021-04-15T01:36:03","slug":"rechazan-sep-y-el-ieepo-desaparicion-de-escuelas-normales-siguen-desmanes","status":"publish","type":"post","link":"https:\/\/zonaroja.com.mx\/?p=25970","title":{"rendered":"Rechazan SEP y el IEEPO desaparici\u00f3n de escuelas normales; siguen desmanes"},"content":{"rendered":"\n<p>Ismael Garc\u00eda M.\/Zona Roja.<\/p>\n\n\n\n<p>Oaxaca de Ju\u00e1rez, Oax., 14 de abril de 2021.- La Secretar\u00eda de Educaci\u00f3n P\u00fablica (SEP) y el Instituto Estatal de Educaci\u00f3n P\u00fablica de Oaxaca, rechazaron que vayan a desaparecer las escuelas normales en M\u00e9xico y en Oaxaca.<\/p>\n\n\n\n<p>Asimismo, precisaron que no hay temas pendientes de cumplir con los normalistas, que desde hace una semana realizan una serie de protestas con actos vand\u00e1licos, incluyendo agresi\u00f3n a periodistas.<\/p>\n\n\n\n<p>A trav\u00e9s de un comunicado, las instituciones educativas federal y estatal remarcaron que se han fortalecido las 11 escuelas en que se forman docentes en la entidad oaxaque\u00f1a.<\/p>\n\n\n\n<p>En el caso de Oaxaca, el gobierno estatal las ha fortalecido y la informaci\u00f3n al respecto est\u00e1 disponible en: <a href=\"https:\/\/www.oaxaca.gob.mx\/ieepo\/oficio-de-la-dgesum-de-compromisos-de-la-sep-con-las-escuelas-normales\/\">https:\/\/www.oaxaca.gob.mx\/ieepo\/oficio-de-la-dgesum-de-compromisos-de-la-sep-con-las-escuelas-normales\/<\/a><\/p>\n\n\n\n<p>Asimismo, se han contratado al 100 por ciento de los egresados normalistas y est\u00e1 en proceso de contrataci\u00f3n la \u00faltima generaci\u00f3n 2019-2020; nadie se ha quedado fuera, remarc\u00f3 el IEEPO.<\/p>\n\n\n\n<p>Indic\u00f3 que el examen de admisi\u00f3n a las normales es h\u00edbrido, esto es, hay las opciones de hacerlo presencial y en l\u00ednea, para que todos tengan las mismas oportunidades, cuidando la salud y la vida en \u00e9poca de pandemia.<\/p>\n\n\n\n<p>Expuso que el acceso al sistema de registro est\u00e1 abierto y se puede realizar en la p\u00e1gina web institucional www.oaxaca.gob.mx\/ieepo\/ o mediante el enlace www.oaxaca.gob.mx\/ieepo\/normales-convocatoria-2021, donde se detalla el procedimiento y fechas importantes.<\/p>\n\n\n\n<p>Agreg\u00f3 que desde hace m\u00e1s de tres semanas la autoridad educativa respondi\u00f3 al pliego de peticiones que presentaron los representantes estudiantiles reconocidos. El IEEPO lo hizo p\u00fablico y se puede consultar en l\u00ednea en la siguiente liga: https:\/\/www.oaxaca.gob.mx\/ieepo\/respuesta-a-normalistas\/<\/p>\n\n\n\n<p>\u201cLa SEP, el gobierno de Oaxaca y el IEEPO mantienen un di\u00e1logo respetuoso con todos los actores del sector educativo, por eso como nunca se atienden las necesidades y se resuelven los problemas en mesas de trabajo. De esta manera se ha avanzado con resultados concretos\u201d, puntualiz\u00f3 la instituci\u00f3n estatal.<\/p>\n","protected":false},"excerpt":{"rendered":"<p>Ismael Garc\u00eda M.\/Zona Roja. Oaxaca de Ju\u00e1rez, Oax., 14 de abril de 2021.- La Secretar\u00eda&hellip;<\/p>\n","protected":false},"author":2,"featured_media":25971,"comment_status":"closed","ping_status":"open","sticky":false,"template":"","format":"standard","meta":{"_lmt_disableupdate":"","_lmt_disable":"","_jetpack_memberships_contains_paid_content":false,"footnotes":""},"categories":[109,46],"tags":[599],"class_list":["post-25970","post","type-post","status-publish","format-standard","has-post-thumbnail","hentry","category-minuto-a-minuto","category-zona-blanca","tag-instituto-estatal-de-educacion-publica-de-oaxaca"],"jetpack_featured_media_url":"https:\/\/zonaroja.com.mx\/wp-content\/uploads\/2021\/04\/Oficio-SEP-a-IEEPO-caso-normalistas.jpg","jetpack_sharing_enabled":true,"_links":{"self":[{"href":"https:\/\/zonaroja.com.mx\/index.php?rest_route=\/wp\/v2\/posts\/25970","targetHints":{"allow":["GET"]}}],"collection":[{"href":"https:\/\/zonaroja.com.mx\/index.php?rest_route=\/wp\/v2\/posts"}],"about":[{"href":"https:\/\/zonaroja.com.mx\/index.php?rest_route=\/wp\/v2\/types\/post"}],"author":[{"embeddable":true,"href":"https:\/\/zonaroja.com.mx\/index.php?rest_route=\/wp\/v2\/users\/2"}],"replies":[{"embeddable":true,"href":"https:\/\/zonaroja.com.mx\/index.php?rest_route=%2Fwp%2Fv2%2Fcomments&post=25970"}],"version-history":[{"count":1,"href":"https:\/\/zonaroja.com.mx\/index.php?rest_route=\/wp\/v2\/posts\/25970\/revisions"}],"predecessor-version":[{"id":25972,"href":"https:\/\/zonaroja.com.mx\/index.php?rest_route=\/wp\/v2\/posts\/25970\/revisions\/25972"}],"wp:featuredmedia":[{"embeddable":true,"href":"https:\/\/zonaroja.com.mx\/index.php?rest_route=\/wp\/v2\/media\/25971"}],"wp:attachment":[{"href":"https:\/\/zonaroja.com.mx\/index.php?rest_route=%2Fwp%2Fv2%2Fmedia&parent=25970"}],"wp:term":[{"taxonomy":"category","embeddable":true,"href":"https:\/\/zonaroja.com.mx\/index.php?rest_route=%2Fwp%2Fv2%2Fcategories&post=25970"},{"taxonomy":"post_tag","embeddable":true,"href":"https:\/\/zonaroja.com.mx\/index.php?rest_route=%2Fwp%2Fv2%2Ftags&post=25970"}],"curies":[{"name":"wp","href":"https:\/\/api.w.org\/{rel}","templated":true}]}}