{"id":25973,"date":"2021-04-14T21:14:42","date_gmt":"2021-04-15T02:14:42","guid":{"rendered":"http:\/\/www.zonaroja.com.mx\/?p=25973"},"modified":"2021-04-14T21:14:45","modified_gmt":"2021-04-15T02:14:45","slug":"respaldan-sindicalizados-a-hernandez-fraguas-para-la-diputacion-federal","status":"publish","type":"post","link":"https:\/\/zonaroja.com.mx\/?p=25973","title":{"rendered":"Respaldan sindicalizados a Hern\u00e1ndez Fraguas para la diputaci\u00f3n federal"},"content":{"rendered":"\n<p>Redacci\u00f3n\/Zona Roja.<\/p>\n\n\n\n<p>Oaxaca de Ju\u00e1rez, Oax., 14 de abril de 2021.- M\u00fasicos afiliados a la Confederaci\u00f3n de Trabajadores de M\u00e9xico (CTM) recibieron hoy al candidato a diputado federal por el distrito VIII con cabecera en Oaxaca de Ju\u00e1rez, Jos\u00e9 Antonio Hern\u00e1ndez Fraguas.<\/p>\n\n\n\n<p>En el encuentro, con las debidas medidas de sana distancia, le recalcaron su respaldo para que encabece las inquietudes y reformas legales que permitan a los trabajadores de ese sector fortalecer su actividad.<\/p>\n\n\n\n<p>Asimismo, ante la candidata suplente, Mariana Nassar Pi\u00f1eyro, destacaron su simpat\u00eda y respaldo permanente a esta f\u00f3rmula, que ahora es impulsada por la coalici\u00f3n \u201cVamos por M\u00e9xico\u201d, a trav\u00e9s de los partidos pol\u00edtico PRI, PAN y PRD.<\/p>\n\n\n\n<p>De su lado, Hern\u00e1ndez Fraguas habl\u00f3 de su experiencia pol\u00edtica, administrativa y legislativo, que le ha permitido servir a los oaxaque\u00f1os desde todas las trincheras y desde donde ha dado resultados efectivos.<\/p>\n\n\n\n<figure class=\"wp-block-embed-twitter wp-block-embed is-type-rich is-provider-twitter\"><div class=\"wp-block-embed__wrapper\">\n<div class=\"twitter-tweet\"><blockquote class=\"twitter-tweet\" data-lang=\"es\"><p lang=\"es\" dir=\"ltr\">Yo hago equipo con todos y, por supuesto, mis amigos m\u00fasicos tambi\u00e9n cuentan con nuestro apoyo. Hoy salud\u00e9 al gremio de m\u00fasicos de la <a href=\"https:\/\/twitter.com\/CTMOaxaca?ref_src=twsrc%5Etfw\">@CTMOaxaca<\/a>. Con su ayuda, el 6 de junio se escuchar\u00e1 fuerte que \u00a1vamos a ganar!<a href=\"https:\/\/twitter.com\/hashtag\/100XCientoOAXAQUE%C3%91O?src=hash&amp;ref_src=twsrc%5Etfw\">#100XCientoOAXAQUE\u00d1O<\/a> <a href=\"https:\/\/t.co\/dKECEs6HK2\">pic.twitter.com\/dKECEs6HK2<\/a><\/p>&mdash; To\u00f1o Hern\u00e1ndez Fraguas (@JAHFraguas) <a href=\"https:\/\/twitter.com\/JAHFraguas\/status\/1382453941540061187?ref_src=twsrc%5Etfw\">14 de abril de 2021<\/a><\/blockquote><\/div>\n<\/div><\/figure>\n\n\n\n<p>Ponder\u00f3 que en ning\u00fan caso ha fallado a quienes han confiado en \u00e9l y en su partido, pues en todas las elecciones que ha participado, las ha ganado con el respaldo de la sociedad y, sobre todo, de los sindicalistas de la CTM.<\/p>\n\n\n\n<p>\u201cVamos a legislar por las demandas que nuestra gente nos expresa\u201d, remarcaron Hern\u00e1ndez Fraguas y Mariana Nassar.<\/p>\n\n\n\n<p>Reiteraron que en los \u00faltimos a\u00f1os M\u00e9xico vive una transformaci\u00f3n pero a la inversa, regresiva, y que ha llevado a m\u00faltiples sectores a padecer los efectos de un gobierno que se dec\u00eda de izquierda y que en los hechos ha afectado a millones de mexicanos, en distintos rubros.<\/p>\n","protected":false},"excerpt":{"rendered":"<p>Redacci\u00f3n\/Zona Roja. Oaxaca de Ju\u00e1rez, Oax., 14 de abril de 2021.- M\u00fasicos afiliados a la&hellip;<\/p>\n","protected":false},"author":2,"featured_media":25974,"comment_status":"closed","ping_status":"open","sticky":false,"template":"","format":"standard","meta":{"_lmt_disableupdate":"","_lmt_disable":"","_jetpack_memberships_contains_paid_content":false,"footnotes":""},"categories":[109,46],"tags":[2592],"class_list":["post-25973","post","type-post","status-publish","format-standard","has-post-thumbnail","hentry","category-minuto-a-minuto","category-zona-blanca","tag-jose-antonio-hernandez-fraguas"],"jetpack_featured_media_url":"https:\/\/zonaroja.com.mx\/wp-content\/uploads\/2021\/04\/Jose-Antonio-Hernandez-Fraguas.jpg","jetpack_sharing_enabled":true,"_links":{"self":[{"href":"https:\/\/zonaroja.com.mx\/index.php?rest_route=\/wp\/v2\/posts\/25973","targetHints":{"allow":["GET"]}}],"collection":[{"href":"https:\/\/zonaroja.com.mx\/index.php?rest_route=\/wp\/v2\/posts"}],"about":[{"href":"https:\/\/zonaroja.com.mx\/index.php?rest_route=\/wp\/v2\/types\/post"}],"author":[{"embeddable":true,"href":"https:\/\/zonaroja.com.mx\/index.php?rest_route=\/wp\/v2\/users\/2"}],"replies":[{"embeddable":true,"href":"https:\/\/zonaroja.com.mx\/index.php?rest_route=%2Fwp%2Fv2%2Fcomments&post=25973"}],"version-history":[{"count":1,"href":"https:\/\/zonaroja.com.mx\/index.php?rest_route=\/wp\/v2\/posts\/25973\/revisions"}],"predecessor-version":[{"id":25975,"href":"https:\/\/zonaroja.com.mx\/index.php?rest_route=\/wp\/v2\/posts\/25973\/revisions\/25975"}],"wp:featuredmedia":[{"embeddable":true,"href":"https:\/\/zonaroja.com.mx\/index.php?rest_route=\/wp\/v2\/media\/25974"}],"wp:attachment":[{"href":"https:\/\/zonaroja.com.mx\/index.php?rest_route=%2Fwp%2Fv2%2Fmedia&parent=25973"}],"wp:term":[{"taxonomy":"category","embeddable":true,"href":"https:\/\/zonaroja.com.mx\/index.php?rest_route=%2Fwp%2Fv2%2Fcategories&post=25973"},{"taxonomy":"post_tag","embeddable":true,"href":"https:\/\/zonaroja.com.mx\/index.php?rest_route=%2Fwp%2Fv2%2Ftags&post=25973"}],"curies":[{"name":"wp","href":"https:\/\/api.w.org\/{rel}","templated":true}]}}