{"id":25977,"date":"2021-04-14T21:45:08","date_gmt":"2021-04-15T02:45:08","guid":{"rendered":"http:\/\/www.zonaroja.com.mx\/?p=25977"},"modified":"2021-04-14T21:45:12","modified_gmt":"2021-04-15T02:45:12","slug":"tzel-lleva-un-ano-desaparecida-sus-padres-exigen-justicia","status":"publish","type":"post","link":"https:\/\/zonaroja.com.mx\/?p=25977","title":{"rendered":"tzel lleva un a\u00f1o desaparecida; sus padres exigen justicia"},"content":{"rendered":"\n<p>Yuridiana Sosa\/Zona Roja.<\/p>\n\n\n\n<p>San Juan Bautista Tuxtepec, Oax., 14 de abril de 2021.- Desde hace un a\u00f1o, Itzel Gonz\u00e1lez no ha vuelto a casa desde que fue desaparecida en Tuxtepec, tiempo en que no han cesado los esfuerzos de sus allegados para dar con su paradero.<\/p>\n\n\n\n<p>Su familia record\u00f3 el lamentable hecho con una protesta pac\u00edfica en el parque \u201cBenito Ju\u00e1rez\u201d en Tuxtepec, frente al palacio municipal, para alzar la voz una vez m\u00e1s ante la impunidad en su caso pese a la detenci\u00f3n de dos varones por la desaparici\u00f3n de Itzel y otras j\u00f3venes de esta ciudad de la Cuenca.<\/p>\n\n\n\n<p>Itzel es estudiante de enfermer\u00eda de la Universidad del Papaloapan en Tuxtepec y desapareci\u00f3 en la colonia Grajales cerca de las 15:00 horas el pasado 14 de abril de 2020, al inicio de la pandemia, mientras caminaba con destino a casa de un familiar.<\/p>\n\n\n\n<p>Hasta el momento, la Fiscal\u00eda General de Oaxaca no ofrece avances en las investigaciones del caso, ni para su localizaci\u00f3n, ni sobre los resultados de las muestras gen\u00e9ticas de los restos \u00f3seas localizados en una fosa clandestina en la comunidad de Zacate Colorado, en Tuxtepec, lamentaron los padres.<\/p>\n\n\n\n<p>Uno de los detenidos, identificado como Mart\u00edn F.C no ha ofrecido informaci\u00f3n que abonen para la resoluci\u00f3n del caso, pero entre las primeras pruebas existentes es que entre sus pertenencias encontraron el tel\u00e9fono de Itzel, record\u00f3 el se\u00f1or Juan Gonz\u00e1lez, padre de la joven.<\/p>\n\n\n\n<p>Durante un a\u00f1o han vivido una pesadilla sin su hija, pesadilla a la que las autoridades han contribuido con la omisi\u00f3n de justicia y falta de garant\u00edas para la seguridad de la ciudadan\u00eda.<\/p>\n","protected":false},"excerpt":{"rendered":"<p>Yuridiana Sosa\/Zona Roja. San Juan Bautista Tuxtepec, Oax., 14 de abril de 2021.- Desde hace&hellip;<\/p>\n","protected":false},"author":2,"featured_media":25978,"comment_status":"closed","ping_status":"open","sticky":false,"template":"","format":"standard","meta":{"_lmt_disableupdate":"","_lmt_disable":"","_jetpack_memberships_contains_paid_content":false,"footnotes":""},"categories":[109,47],"tags":[1629],"class_list":["post-25977","post","type-post","status-publish","format-standard","has-post-thumbnail","hentry","category-minuto-a-minuto","category-zona-gris","tag-itzel-gonzalez-gonzalez"],"jetpack_featured_media_url":"https:\/\/zonaroja.com.mx\/wp-content\/uploads\/2021\/04\/Itzel-Gonzalez.jpg","jetpack_sharing_enabled":true,"_links":{"self":[{"href":"https:\/\/zonaroja.com.mx\/index.php?rest_route=\/wp\/v2\/posts\/25977","targetHints":{"allow":["GET"]}}],"collection":[{"href":"https:\/\/zonaroja.com.mx\/index.php?rest_route=\/wp\/v2\/posts"}],"about":[{"href":"https:\/\/zonaroja.com.mx\/index.php?rest_route=\/wp\/v2\/types\/post"}],"author":[{"embeddable":true,"href":"https:\/\/zonaroja.com.mx\/index.php?rest_route=\/wp\/v2\/users\/2"}],"replies":[{"embeddable":true,"href":"https:\/\/zonaroja.com.mx\/index.php?rest_route=%2Fwp%2Fv2%2Fcomments&post=25977"}],"version-history":[{"count":1,"href":"https:\/\/zonaroja.com.mx\/index.php?rest_route=\/wp\/v2\/posts\/25977\/revisions"}],"predecessor-version":[{"id":25979,"href":"https:\/\/zonaroja.com.mx\/index.php?rest_route=\/wp\/v2\/posts\/25977\/revisions\/25979"}],"wp:featuredmedia":[{"embeddable":true,"href":"https:\/\/zonaroja.com.mx\/index.php?rest_route=\/wp\/v2\/media\/25978"}],"wp:attachment":[{"href":"https:\/\/zonaroja.com.mx\/index.php?rest_route=%2Fwp%2Fv2%2Fmedia&parent=25977"}],"wp:term":[{"taxonomy":"category","embeddable":true,"href":"https:\/\/zonaroja.com.mx\/index.php?rest_route=%2Fwp%2Fv2%2Fcategories&post=25977"},{"taxonomy":"post_tag","embeddable":true,"href":"https:\/\/zonaroja.com.mx\/index.php?rest_route=%2Fwp%2Fv2%2Ftags&post=25977"}],"curies":[{"name":"wp","href":"https:\/\/api.w.org\/{rel}","templated":true}]}}