{"id":25980,"date":"2021-04-14T22:01:55","date_gmt":"2021-04-15T03:01:55","guid":{"rendered":"http:\/\/www.zonaroja.com.mx\/?p=25980"},"modified":"2021-04-14T22:01:57","modified_gmt":"2021-04-15T03:01:57","slug":"ante-apatia-de-sspo-hoy-dos-ejecutados-en-el-istmo-ayer-fueron-cuatro-crimenes","status":"publish","type":"post","link":"https:\/\/zonaroja.com.mx\/?p=25980","title":{"rendered":"Ante apat\u00eda de SSPO, hoy dos ejecutados en el Istmo; ayer fueron cuatro cr\u00edmenes"},"content":{"rendered":"\n<p>Ismael Garc\u00eda M.\/Zona Roja.<\/p>\n\n\n\n<p>Oaxaca de Ju\u00e1rez, Oax., 14 de abril de 2021.- A una semana de haber asumido el cargo, el titular de la Secretar\u00eda de Seguridad P\u00fablica de Oaxaca (SSPO), Heliodoro D\u00edaz Esc\u00e1rraga, no ha podido implementar operativos de prevenci\u00f3n para frenar la ola delictiva.<\/p>\n\n\n\n<p>En 48 horas, suman seis personas ejecutadas a balazos, dos casos de los cuales se registraron este mi\u00e9rcoles en la jurisdicci\u00f3n de la regi\u00f3n del Istmo de Tehuantepec.<\/p>\n\n\n\n<p>En Juchit\u00e1n de Zaragoza, cerca de instalaciones de la polic\u00eda municipal y del Cuerpo de Bomberos, un individuo fue atacado a balazos la tarde de hoy, mientras disfrutaba de sus alimentos con su familia.<\/p>\n\n\n\n<p>La v\u00edctima fue identificada como Luis \u00c1ngel Osorio, vecino de la colonia M\u00e1rtires 31 de Julio, y fue baleado por sujetos a bordo de un coche marca Volkswagen, tipo Jetta, tras lo cual huyeron.<\/p>\n\n\n\n<p>Horas antes, en Santa Mar\u00eda Mixtequilla, tambi\u00e9n en la regi\u00f3n del Istmo, fue localizado el cuerpo sin vida de una persona del sexo masculino, con varios disparos de arma de fuego, en un terreno bald\u00edo de dicha comunidad.<\/p>\n\n\n\n<p>El occiso respondi\u00f3 al nombre de Abraham M. N., de 48 a\u00f1os de edad, y a\u00fan se desconocen los motivos del crimen.<\/p>\n\n\n\n<p>Como se inform\u00f3 de ayer, en el transcurso del martes fueron asesinadas cuatro personas, entre ellas Leonardo D\u00edaz, en San Antonio de la Cal; un mototaxista en Juchit\u00e1n, un embolsado en Salina Cruz y un descuartizado en Santa Catarina Juquila.<\/p>\n","protected":false},"excerpt":{"rendered":"<p>Ismael Garc\u00eda M.\/Zona Roja. Oaxaca de Ju\u00e1rez, Oax., 14 de abril de 2021.- A una&hellip;<\/p>\n","protected":false},"author":2,"featured_media":25981,"comment_status":"closed","ping_status":"open","sticky":false,"template":"","format":"standard","meta":{"_lmt_disableupdate":"","_lmt_disable":"","_jetpack_memberships_contains_paid_content":false,"footnotes":""},"categories":[109,51],"tags":[123,2138],"class_list":["post-25980","post","type-post","status-publish","format-standard","has-post-thumbnail","hentry","category-minuto-a-minuto","category-zona-roja","tag-juchitan-de-zaragoza","tag-santa-maria-mixtequilla"],"jetpack_featured_media_url":"https:\/\/zonaroja.com.mx\/wp-content\/uploads\/2021\/04\/Ejecutado-Juchitan.jpg","jetpack_sharing_enabled":true,"_links":{"self":[{"href":"https:\/\/zonaroja.com.mx\/index.php?rest_route=\/wp\/v2\/posts\/25980","targetHints":{"allow":["GET"]}}],"collection":[{"href":"https:\/\/zonaroja.com.mx\/index.php?rest_route=\/wp\/v2\/posts"}],"about":[{"href":"https:\/\/zonaroja.com.mx\/index.php?rest_route=\/wp\/v2\/types\/post"}],"author":[{"embeddable":true,"href":"https:\/\/zonaroja.com.mx\/index.php?rest_route=\/wp\/v2\/users\/2"}],"replies":[{"embeddable":true,"href":"https:\/\/zonaroja.com.mx\/index.php?rest_route=%2Fwp%2Fv2%2Fcomments&post=25980"}],"version-history":[{"count":1,"href":"https:\/\/zonaroja.com.mx\/index.php?rest_route=\/wp\/v2\/posts\/25980\/revisions"}],"predecessor-version":[{"id":25982,"href":"https:\/\/zonaroja.com.mx\/index.php?rest_route=\/wp\/v2\/posts\/25980\/revisions\/25982"}],"wp:featuredmedia":[{"embeddable":true,"href":"https:\/\/zonaroja.com.mx\/index.php?rest_route=\/wp\/v2\/media\/25981"}],"wp:attachment":[{"href":"https:\/\/zonaroja.com.mx\/index.php?rest_route=%2Fwp%2Fv2%2Fmedia&parent=25980"}],"wp:term":[{"taxonomy":"category","embeddable":true,"href":"https:\/\/zonaroja.com.mx\/index.php?rest_route=%2Fwp%2Fv2%2Fcategories&post=25980"},{"taxonomy":"post_tag","embeddable":true,"href":"https:\/\/zonaroja.com.mx\/index.php?rest_route=%2Fwp%2Fv2%2Ftags&post=25980"}],"curies":[{"name":"wp","href":"https:\/\/api.w.org\/{rel}","templated":true}]}}