{"id":25987,"date":"2021-04-14T22:22:16","date_gmt":"2021-04-15T03:22:16","guid":{"rendered":"http:\/\/www.zonaroja.com.mx\/?p=25987"},"modified":"2021-04-14T22:22:18","modified_gmt":"2021-04-15T03:22:18","slug":"rebasada-la-segego-fuera-de-control-bloqueos-y-protestas-en-tres-regiones","status":"publish","type":"post","link":"https:\/\/zonaroja.com.mx\/?p=25987","title":{"rendered":"Rebasada la Segego: fuera de control bloqueos y protestas en tres regiones"},"content":{"rendered":"\n<p>Yuridiana Sosa\/Zona Roja.<\/p>\n\n\n\n<p>Oaxaca de Oaxaca, Oax., 14 de abril de 2021.- Las protestas y bloqueos est\u00e1n desatadas en el estado de Oaxaca, ante la nula intervenci\u00f3n de la Secretar\u00eda General de Gobierno (Segego).<\/p>\n\n\n\n<p>Este mi\u00e9rcoles se registraron movilizaciones en la regi\u00f3n Mixteca, Valles Centrales e Istmo de Tehuantepec, por parte de distintos grupos de ciudadanos.<\/p>\n\n\n\n<p>Por la ma\u00f1ana, transportistas de unidades de servicio de pasaje y turismo protestaron frente a las oficinas de la Secretar\u00eda de Comunicaciones y Transportes, a un costado de la carretera internacional 190, para exigir la reanudaci\u00f3n de tr\u00e1mites.<\/p>\n\n\n\n<p>Decenas de conductores afectados, en representaci\u00f3n de trabajadores de m\u00e1s de mil 300 unidades, se estacionaron a un costado de la dependencia para demandar una mesa de di\u00e1logo con autoridades de alto nivel, con poder de decisi\u00f3n, para dar fin a la suspensi\u00f3n de tr\u00e1mites que no les permiten hasta ahora continuar con regularidad sus servicios.<\/p>\n\n\n\n<p>Hace dos a\u00f1os se acord\u00f3, en una minuta, que se agilizar\u00edan los procesos para dar certeza jur\u00eddica a los trabajadores de este sector, as\u00ed como para la sustituci\u00f3n de unidades, indic\u00f3 el presidente de la Alianza de Transportes de Pasaje y Turismo, Juan Francisco Casas Blanco.<\/p>\n\n\n\n<p>Los transportistas ofrecen servicios en las regiones de Valles Centrales, Costa, Sierra Norte y Mixteca. Por varias horas permanecieron estacionados frente a la dependencia federal, lo que caus\u00f3 complicaciones en la circulaci\u00f3n vial en la carretera federal 190.<\/p>\n\n\n\n<p>LOS TRIQUIS<\/p>\n\n\n\n<p>En la zona conurbada a la capital, como en la regi\u00f3n Mixteca y hasta en la Ciudad de M\u00e9xico, integrantes del Movimiento Unificador de Lucha Triqui Independiente (MULTI) instalaron bloqueos para exigir al gobierno de M\u00e9xico el retorno seguro para los desplazados de Tierra Blanca Copala de Santiago Juxtlahuaca y libertad de presos pol\u00edticos.<\/p>\n\n\n\n<p>Los tambi\u00e9n afectados con el desplazamiento forzado de sus comunidades, cerraron la vialidad en la carretera Huajuapan-Juxtlahuaca en inmediaciones de la Laguna Encantada, as\u00ed como otro en la carretera que conecta a Huajuapan-Oaxaca, en la desviaci\u00f3n al municipio de Tezoatl\u00e1n de Segura y Luna. Adem\u00e1s en San Miguel Progreso, en Tlaxiaco.<\/p>\n\n\n\n<p>Tambi\u00e9n bloquearon el paso en la carretera federal 190, en el crucero de la agencia de Hacienda Blanca, de San Pablo Etla, afectando la comunicaci\u00f3n hacia la capital oaxaque\u00f1a.<\/p>\n\n\n\n<p>Adem\u00e1s, se manifestaron en la Ciudad de M\u00e9xico por en\u00e9sima ocasi\u00f3n para exigir que el gobierno de M\u00e9xico cumpla con el plan para el retorno de los desplazados a sus comunidades.<\/p>\n\n\n\n<p>LOS NORMALISTAS<\/p>\n\n\n\n<p>Una vez m\u00e1s, los estudiantes normalistas realizaron protestas a pesar que autoridades federales educativas y el Instituto de Educaci\u00f3n P\u00fablica de Oaxaca (IEEPO) han reiterado que han cumplido con sus demandas y las escuelas normales en la entidad no desaparecer\u00e1n.<\/p>\n\n\n\n<p>Este mi\u00e9rcoles bloquearon las calles de Belisario Dom\u00ednguez, Azucenas y Sabinos, en la colonia Reforma, para hacer presencia en las oficinas alternas al IEEPO, al norte de la capital del estado. Por la tarde efectuaron una serie de saqueos al inmueble.<\/p>\n\n\n\n<p>REACTIVAN BLOQUEOS EN ISTMO<\/p>\n\n\n\n<p>Mientras tanto, habitantes de San Juan Mazatl\u00e1n Mixe reactivaron bloqueos en la regi\u00f3n del Istmo para exigir atenci\u00f3n de la Secretar\u00eda General de Gobierno.<\/p>\n\n\n\n<p>Los pobladores cerraron el paso en el tramo carretero de Mat\u00edas Romero-Palomares, de la carretera federal 185, en inmediaciones del poblado de Boca del Monte.<\/p>\n\n\n\n<p>En febrero de este a\u00f1o, esta poblaci\u00f3n realiz\u00f3 un bloqueo por m\u00e1s de una semana para exigir a la Segego la entrega de recursos. En el transcurso de su manifestaci\u00f3n tambi\u00e9n retuvieron a funcionarios de la Secretar\u00eda General de Gobierno, entre ellos a Jorge Toledo Toledo, funcionario estatal quien permaneci\u00f3 siete d\u00edas retenido, as\u00ed como el levantamiento del bloqueo en la Carretera Federal 185 \u201cTrans\u00edstmica\u201d por parte de habitantes de la San Juan Mazatl\u00e1n Mixe, el libre paso por ese camino dur\u00f3 s\u00f3lo unas horas pues esta noche reactivaron su protesta.<\/p>\n\n\n\n<p>La manifestaci\u00f3n de este mi\u00e9rcoles tambi\u00e9n afect\u00f3 el paso a Palomares, Tuxtepec y al estado de Veracruz.<\/p>\n\n\n\n<p>A estas manifestaciones se suma el bloqueo que realizaron vecinos de la agencia de Vicente Guerrero de la Villa de Zaachila sobre la carretera federal 175, en el crucero de la Y para exigir justicia por el feminicidio y homicidio de dos adolescentes, presuntamente por un elemento de la Polic\u00eda Municipal de esa comunidad.<\/p>\n","protected":false},"excerpt":{"rendered":"<p>Yuridiana Sosa\/Zona Roja. Oaxaca de Oaxaca, Oax., 14 de abril de 2021.- Las protestas y&hellip;<\/p>\n","protected":false},"author":2,"featured_media":25988,"comment_status":"closed","ping_status":"open","sticky":false,"template":"","format":"standard","meta":{"_lmt_disableupdate":"","_lmt_disable":"","_jetpack_memberships_contains_paid_content":false,"footnotes":""},"categories":[109,47],"tags":[2254],"class_list":["post-25987","post","type-post","status-publish","format-standard","has-post-thumbnail","hentry","category-minuto-a-minuto","category-zona-gris","tag-protestas-y-bloqueos-oaxaca"],"jetpack_featured_media_url":"https:\/\/zonaroja.com.mx\/wp-content\/uploads\/2021\/04\/Protesta-MULTI.jpg","jetpack_sharing_enabled":true,"_links":{"self":[{"href":"https:\/\/zonaroja.com.mx\/index.php?rest_route=\/wp\/v2\/posts\/25987","targetHints":{"allow":["GET"]}}],"collection":[{"href":"https:\/\/zonaroja.com.mx\/index.php?rest_route=\/wp\/v2\/posts"}],"about":[{"href":"https:\/\/zonaroja.com.mx\/index.php?rest_route=\/wp\/v2\/types\/post"}],"author":[{"embeddable":true,"href":"https:\/\/zonaroja.com.mx\/index.php?rest_route=\/wp\/v2\/users\/2"}],"replies":[{"embeddable":true,"href":"https:\/\/zonaroja.com.mx\/index.php?rest_route=%2Fwp%2Fv2%2Fcomments&post=25987"}],"version-history":[{"count":1,"href":"https:\/\/zonaroja.com.mx\/index.php?rest_route=\/wp\/v2\/posts\/25987\/revisions"}],"predecessor-version":[{"id":25989,"href":"https:\/\/zonaroja.com.mx\/index.php?rest_route=\/wp\/v2\/posts\/25987\/revisions\/25989"}],"wp:featuredmedia":[{"embeddable":true,"href":"https:\/\/zonaroja.com.mx\/index.php?rest_route=\/wp\/v2\/media\/25988"}],"wp:attachment":[{"href":"https:\/\/zonaroja.com.mx\/index.php?rest_route=%2Fwp%2Fv2%2Fmedia&parent=25987"}],"wp:term":[{"taxonomy":"category","embeddable":true,"href":"https:\/\/zonaroja.com.mx\/index.php?rest_route=%2Fwp%2Fv2%2Fcategories&post=25987"},{"taxonomy":"post_tag","embeddable":true,"href":"https:\/\/zonaroja.com.mx\/index.php?rest_route=%2Fwp%2Fv2%2Ftags&post=25987"}],"curies":[{"name":"wp","href":"https:\/\/api.w.org\/{rel}","templated":true}]}}