{"id":25991,"date":"2021-04-15T07:44:31","date_gmt":"2021-04-15T12:44:31","guid":{"rendered":"http:\/\/www.zonaroja.com.mx\/?p=25991"},"modified":"2021-04-15T07:44:34","modified_gmt":"2021-04-15T12:44:34","slug":"muere-funcionario-municipal-de-oaxaca-de-juarez-tras-agresion-en-centro-historico","status":"publish","type":"post","link":"https:\/\/zonaroja.com.mx\/?p=25991","title":{"rendered":"Muere funcionario municipal de Oaxaca de Ju\u00e1rez, tras agresi\u00f3n en Centro Hist\u00f3rico"},"content":{"rendered":"\n<p>Redacci\u00f3n\/Zona Roja.<\/p>\n\n\n\n<p>Oaxaca de Ju\u00e1rez, Oax., 15 de abril de 2021.- Tras ser agredido el pasado domingo en pleno Centro Hist\u00f3rico de la ciudad de Oaxaca, un inspector del ayuntamiento capitalino falleci\u00f3 anoche v\u00edctima de las graves lesiones.<\/p>\n\n\n\n<p>Se trata de Gregorio Cort\u00e9s Cruz, quien permanec\u00eda grave en un nosocomio debido a las m\u00faltiples heridas que le produjo un sujeto presuntamente de origen salvadore\u00f1o, que lo atac\u00f3 el domingo por la tarde en el Andador Tur\u00edstico, sin que se presentara ning\u00fan elemento policiaco para impedirlo.<\/p>\n\n\n\n<p>Tras ello fue atendido por elementos de la Cruz Roja Mexicana y trasladado a un nosocomio, donde su pron\u00f3stico de salud fue reservado.<\/p>\n\n\n\n<p>Finalmente, anoche perdi\u00f3 la vida, confirmaron autoridades del ayuntamiento de Oaxaca de Ju\u00e1rez, que aseguraron contribuir\u00e1n para qu\u00e9 se esclarezca el crimen y se castigue al responsable.<\/p>\n\n\n\n<p>Presuntamente, el sujeto que agredi\u00f3 al funcionario municipal es vendedor ambulante en el centro de la capital e incluso cuenta con permiso para expender tanto en el z\u00f3calo como la Alameda de Le\u00f3n y el Andador Tur\u00edstico.<\/p>\n\n\n\n<p>De manera frecuente han ocurrido agresiones y asesinatos en distintos puntos del Centro Hist\u00f3rico de la capital, como ocurri\u00f3 el pasado s\u00e1bado en la calle de J. P. Garc\u00eda, en que fue ultimada a una persona, sin que llegara la polic\u00eda municipal.<\/p>\n\n\n\n<figure class=\"wp-block-image size-large\"><img decoding=\"async\" width=\"1024\" height=\"1024\" src=\"http:\/\/www.zonaroja.com.mx\/wp-content\/uploads\/2021\/04\/Presunto-agresor-de-Gregorio-Cortes-1024x1024.jpg\" alt=\"\" class=\"wp-image-25993\" srcset=\"https:\/\/zonaroja.com.mx\/wp-content\/uploads\/2021\/04\/Presunto-agresor-de-Gregorio-Cortes-1024x1024.jpg 1024w, https:\/\/zonaroja.com.mx\/wp-content\/uploads\/2021\/04\/Presunto-agresor-de-Gregorio-Cortes-300x300.jpg 300w, https:\/\/zonaroja.com.mx\/wp-content\/uploads\/2021\/04\/Presunto-agresor-de-Gregorio-Cortes-150x150.jpg 150w, https:\/\/zonaroja.com.mx\/wp-content\/uploads\/2021\/04\/Presunto-agresor-de-Gregorio-Cortes-768x768.jpg 768w, https:\/\/zonaroja.com.mx\/wp-content\/uploads\/2021\/04\/Presunto-agresor-de-Gregorio-Cortes-585x585.jpg 585w, https:\/\/zonaroja.com.mx\/wp-content\/uploads\/2021\/04\/Presunto-agresor-de-Gregorio-Cortes-640x640.jpg 640w, https:\/\/zonaroja.com.mx\/wp-content\/uploads\/2021\/04\/Presunto-agresor-de-Gregorio-Cortes.jpg 1080w\" sizes=\"(max-width: 1024px) 100vw, 1024px\" \/><\/figure>\n","protected":false},"excerpt":{"rendered":"<p>Redacci\u00f3n\/Zona Roja. Oaxaca de Ju\u00e1rez, Oax., 15 de abril de 2021.- Tras ser agredido el&hellip;<\/p>\n","protected":false},"author":2,"featured_media":25992,"comment_status":"closed","ping_status":"open","sticky":false,"template":"","format":"standard","meta":{"_lmt_disableupdate":"","_lmt_disable":"","_jetpack_memberships_contains_paid_content":false,"footnotes":""},"categories":[109,51],"tags":[2606],"class_list":["post-25991","post","type-post","status-publish","format-standard","has-post-thumbnail","hentry","category-minuto-a-minuto","category-zona-roja","tag-gregorio-cortes-cruz"],"jetpack_featured_media_url":"https:\/\/zonaroja.com.mx\/wp-content\/uploads\/2021\/04\/Inspector-Gregorio-Cortes-Cruz.jpg","jetpack_sharing_enabled":true,"_links":{"self":[{"href":"https:\/\/zonaroja.com.mx\/index.php?rest_route=\/wp\/v2\/posts\/25991","targetHints":{"allow":["GET"]}}],"collection":[{"href":"https:\/\/zonaroja.com.mx\/index.php?rest_route=\/wp\/v2\/posts"}],"about":[{"href":"https:\/\/zonaroja.com.mx\/index.php?rest_route=\/wp\/v2\/types\/post"}],"author":[{"embeddable":true,"href":"https:\/\/zonaroja.com.mx\/index.php?rest_route=\/wp\/v2\/users\/2"}],"replies":[{"embeddable":true,"href":"https:\/\/zonaroja.com.mx\/index.php?rest_route=%2Fwp%2Fv2%2Fcomments&post=25991"}],"version-history":[{"count":1,"href":"https:\/\/zonaroja.com.mx\/index.php?rest_route=\/wp\/v2\/posts\/25991\/revisions"}],"predecessor-version":[{"id":25994,"href":"https:\/\/zonaroja.com.mx\/index.php?rest_route=\/wp\/v2\/posts\/25991\/revisions\/25994"}],"wp:featuredmedia":[{"embeddable":true,"href":"https:\/\/zonaroja.com.mx\/index.php?rest_route=\/wp\/v2\/media\/25992"}],"wp:attachment":[{"href":"https:\/\/zonaroja.com.mx\/index.php?rest_route=%2Fwp%2Fv2%2Fmedia&parent=25991"}],"wp:term":[{"taxonomy":"category","embeddable":true,"href":"https:\/\/zonaroja.com.mx\/index.php?rest_route=%2Fwp%2Fv2%2Fcategories&post=25991"},{"taxonomy":"post_tag","embeddable":true,"href":"https:\/\/zonaroja.com.mx\/index.php?rest_route=%2Fwp%2Fv2%2Ftags&post=25991"}],"curies":[{"name":"wp","href":"https:\/\/api.w.org\/{rel}","templated":true}]}}