{"id":25995,"date":"2021-04-15T08:47:03","date_gmt":"2021-04-15T13:47:03","guid":{"rendered":"http:\/\/www.zonaroja.com.mx\/?p=25995"},"modified":"2021-04-15T08:47:05","modified_gmt":"2021-04-15T13:47:05","slug":"poder-judicial-de-oaxaca-hace-respetar-los-derechos-de-la-ninez","status":"publish","type":"post","link":"https:\/\/zonaroja.com.mx\/?p=25995","title":{"rendered":"Poder Judicial de Oaxaca hace respetar los derechos de la ni\u00f1ez"},"content":{"rendered":"\n<p>Redacci\u00f3n\/Zona Roja.<\/p>\n\n\n\n<p>Oaxaca de Ju\u00e1rez, Oax., 15 de abril de 2021.- De manera permanente, el Poder Judicial del Estado busca garantizar y salvaguardar los derechos de ni\u00f1as y ni\u00f1os que se encuentren inmersos en un proceso judicial; sin embargo, existen circunstancias que se interponen y perjudican el procedimiento, como la alienaci\u00f3n parental.<\/p>\n\n\n\n<p>Este s\u00edndrome, se presenta cuando el progenitor que conserva la custodia, a trav\u00e9s de acciones u estrategias, transforma la visi\u00f3n y conducta de las o los hijos, con el objetivo de desintegrar los v\u00ednculos que se tengan con el otro padre o madre, creando un ambiente de rechazo injustificado.<\/p>\n\n\n\n<p>A\u00fan no existe una denominaci\u00f3n que sea aplicada en la pr\u00e1ctica psicol\u00f3gica o psiqui\u00e1trica, pero hay efectos que los juzgadores perciben en los hijos que son alienados, enajenados o puestos en contra del otro progenitor; cabe se\u00f1alar que, generalmente, es el padre a cargo de la custodia quien efect\u00faa estas conductas con los hijos para que desaprueben, o en su caso, odien al progenitor no custodio.<\/p>\n\n\n\n<p>Dicha situaci\u00f3n, infringe en los derechos de los infantes; por ello, la o el juez tiene el compromiso de realizar una investigaci\u00f3n acompa\u00f1ada de estudios y terapias psicol\u00f3gicas, as\u00ed como analizar los hechos presentados en la demanda y la contestaci\u00f3n, lo que permite tener un primer acercamiento a la problem\u00e1tica que enfrenta cada familia.<\/p>\n\n\n\n<p>Por lo tanto, al tratarse de una controversia judicial, la implementaci\u00f3n de un r\u00e9gimen de convivencia cobra una importancia primordial en el derecho de los menores de convivir con los miembros de su n\u00facleo familiar porque est\u00e1 destinada a proteger su inter\u00e9s superior; adem\u00e1s, se le considera de orden p\u00fablico e inter\u00e9s social.<\/p>\n\n\n\n<p>En este aspecto, es esencial puntualizar que la convivencia, m\u00e1s que una prerrogativa de los padres, constituye un derecho de los menores; por lo que, al privarlos de los afectos, ense\u00f1anzas, protecci\u00f3n y respaldo que debe otorgar cualquiera de ellos, puede generar trastornos psicol\u00f3gicos y dar origen a un sin n\u00famero de dificultades en su desarrollo.<\/p>\n","protected":false},"excerpt":{"rendered":"<p>Redacci\u00f3n\/Zona Roja. Oaxaca de Ju\u00e1rez, Oax., 15 de abril de 2021.- De manera permanente, el&hellip;<\/p>\n","protected":false},"author":2,"featured_media":25996,"comment_status":"closed","ping_status":"open","sticky":false,"template":"","format":"standard","meta":{"_lmt_disableupdate":"","_lmt_disable":"","_jetpack_memberships_contains_paid_content":false,"footnotes":""},"categories":[109,47],"tags":[223],"class_list":["post-25995","post","type-post","status-publish","format-standard","has-post-thumbnail","hentry","category-minuto-a-minuto","category-zona-gris","tag-poder-judicial-de-oaxaca"],"jetpack_featured_media_url":"https:\/\/zonaroja.com.mx\/wp-content\/uploads\/2021\/04\/sana-convivencia-1.jpg","jetpack_sharing_enabled":true,"_links":{"self":[{"href":"https:\/\/zonaroja.com.mx\/index.php?rest_route=\/wp\/v2\/posts\/25995","targetHints":{"allow":["GET"]}}],"collection":[{"href":"https:\/\/zonaroja.com.mx\/index.php?rest_route=\/wp\/v2\/posts"}],"about":[{"href":"https:\/\/zonaroja.com.mx\/index.php?rest_route=\/wp\/v2\/types\/post"}],"author":[{"embeddable":true,"href":"https:\/\/zonaroja.com.mx\/index.php?rest_route=\/wp\/v2\/users\/2"}],"replies":[{"embeddable":true,"href":"https:\/\/zonaroja.com.mx\/index.php?rest_route=%2Fwp%2Fv2%2Fcomments&post=25995"}],"version-history":[{"count":1,"href":"https:\/\/zonaroja.com.mx\/index.php?rest_route=\/wp\/v2\/posts\/25995\/revisions"}],"predecessor-version":[{"id":25997,"href":"https:\/\/zonaroja.com.mx\/index.php?rest_route=\/wp\/v2\/posts\/25995\/revisions\/25997"}],"wp:featuredmedia":[{"embeddable":true,"href":"https:\/\/zonaroja.com.mx\/index.php?rest_route=\/wp\/v2\/media\/25996"}],"wp:attachment":[{"href":"https:\/\/zonaroja.com.mx\/index.php?rest_route=%2Fwp%2Fv2%2Fmedia&parent=25995"}],"wp:term":[{"taxonomy":"category","embeddable":true,"href":"https:\/\/zonaroja.com.mx\/index.php?rest_route=%2Fwp%2Fv2%2Fcategories&post=25995"},{"taxonomy":"post_tag","embeddable":true,"href":"https:\/\/zonaroja.com.mx\/index.php?rest_route=%2Fwp%2Fv2%2Ftags&post=25995"}],"curies":[{"name":"wp","href":"https:\/\/api.w.org\/{rel}","templated":true}]}}