{"id":25998,"date":"2021-04-15T09:44:09","date_gmt":"2021-04-15T14:44:09","guid":{"rendered":"http:\/\/www.zonaroja.com.mx\/?p=25998"},"modified":"2021-04-15T09:44:12","modified_gmt":"2021-04-15T14:44:12","slug":"habrian-asesinado-a-claudia-uruchurtu-fiscalia-busca-cuerpo-en-nochixtlan","status":"publish","type":"post","link":"https:\/\/zonaroja.com.mx\/?p=25998","title":{"rendered":"Habr\u00edan asesinado a Claudia Uruchurtu; Fiscal\u00eda busca cuerpo en Nochixtl\u00e1n"},"content":{"rendered":"\n<p>Ismael Garc\u00eda M.\/Zona Roja.<\/p>\n\n\n\n<p>Oaxaca de Ju\u00e1rez, Oax., 15 de abril de 2021.- La activista Claudia Uruchurtu Cruz podr\u00eda haber sido asesinada y su cuerpo enterrado clandestinamente.<\/p>\n\n\n\n<p>La Fiscal\u00eda General del Estado de Oaxaca, con el apoyo de otras corporaciones, efectu\u00f3 ayer un segundo operativo en varios parajes y ladrilleras de Asunci\u00f3n Nochixtl\u00e1n, en busca del probable cuerpo.<\/p>\n\n\n\n<p>Claudia, de familiares con nacionalidad brit\u00e1nica y mexicana, protest\u00f3 el 26 de marzo en apoyo a ciudadanos en contra del ayuntamiento y la presidenta municipal, Lizbeth Victoria Huerta, por supuestos actos de corrupci\u00f3n, tras lo cual fue desaparecida.<\/p>\n\n\n\n<p>Presuntamente se la habr\u00edan llevado esa noche a bordo de una camioneta; al d\u00eda siguiente se report\u00f3 un cuerpo sin vida en el camino a Coxcaltepec C\u00e1ntaros, comunidad cercana a Nochixtl\u00e1n, pero cuando los polic\u00edas fueron a la zona, s\u00f3lo hallaron manchas hem\u00e1ticas y unas llaves, que despu\u00e9s se corrobor\u00f3 eran de Claudia.<\/p>\n\n\n\n<p>Ayer mi\u00e9rcoles, a 19 d\u00edas de la desaparici\u00f3n y tras presiones internacionales de organismos como la ONU, Amnist\u00eda Internacional y el gobierno de Gran Breta\u00f1a, la Fiscal\u00eda General del Estado efectu\u00f3 b\u00fasquedas, pero ahora ya bajo el delito de \u201cdestrucci\u00f3n clandestina de cad\u00e1ver\u201d.<\/p>\n\n\n\n<p>De acuerdo con un comunicado, se efectuaron tres cateos simult\u00e1neos en el paraje denominado \u00abRancho Viejo\u00bb o \u00abPueblo Viejo\u00bb o \u00abLa Labor\u00bb, ubicado en jurisdicci\u00f3n de Asunci\u00f3n Nochixtl\u00e1n.<\/p>\n\n\n\n<figure class=\"wp-block-image size-large\"><img decoding=\"async\" width=\"510\" height=\"382\" src=\"http:\/\/www.zonaroja.com.mx\/wp-content\/uploads\/2021\/04\/Claudia-Uruchurtu-C..jpg\" alt=\"\" class=\"wp-image-26000\" srcset=\"https:\/\/zonaroja.com.mx\/wp-content\/uploads\/2021\/04\/Claudia-Uruchurtu-C..jpg 510w, https:\/\/zonaroja.com.mx\/wp-content\/uploads\/2021\/04\/Claudia-Uruchurtu-C.-300x225.jpg 300w\" sizes=\"(max-width: 510px) 100vw, 510px\" \/><\/figure>\n\n\n\n<p>\u201cLa acci\u00f3n fue realizada por la Instituci\u00f3n de procuraci\u00f3n de justicia, a trav\u00e9s de la Agencia Estatal de Investigaciones y cont\u00f3 con el apoyo de elementos de la Guardia Nacional, dando cumplimiento a la orden asentada en el cuadernillo de antecedentes 07\/2021 por el delito de destrucci\u00f3n clandestina de cad\u00e1ver, en agravio de quien resulte sujeto pasivo\u201d.<\/p>\n\n\n\n<p>Detall\u00f3 que elementos de la AEI catearon diferentes hornos de ladrillo ubicados en el paraje antes mencionado. Esta labor de rastreo estuvo acompa\u00f1ada de peritos especializados y ministerios p\u00fablicos para garantizar el apego a la ley al cumplir este mandato judicial.<\/p>\n\n\n\n<p>\u201cLa Fiscal\u00eda General refrenda su compromiso de redoblar esfuerzos en la b\u00fasqueda y localizaci\u00f3n de personas reportadas como desaparecidas en la entidad, presentando ante la justicia a quienes resulten responsables\u201d, expuso.<\/p>\n","protected":false},"excerpt":{"rendered":"<p>Ismael Garc\u00eda M.\/Zona Roja. Oaxaca de Ju\u00e1rez, Oax., 15 de abril de 2021.- La activista&hellip;<\/p>\n","protected":false},"author":2,"featured_media":25999,"comment_status":"closed","ping_status":"open","sticky":false,"template":"","format":"standard","meta":{"_lmt_disableupdate":"","_lmt_disable":"","_jetpack_memberships_contains_paid_content":false,"footnotes":""},"categories":[109,47],"tags":[2582],"class_list":["post-25998","post","type-post","status-publish","format-standard","has-post-thumbnail","hentry","category-minuto-a-minuto","category-zona-gris","tag-claudia-uruchurtu-cruz"],"jetpack_featured_media_url":"https:\/\/zonaroja.com.mx\/wp-content\/uploads\/2021\/04\/Fiscalia-busqueda-de-Claudia.jpg","jetpack_sharing_enabled":true,"_links":{"self":[{"href":"https:\/\/zonaroja.com.mx\/index.php?rest_route=\/wp\/v2\/posts\/25998","targetHints":{"allow":["GET"]}}],"collection":[{"href":"https:\/\/zonaroja.com.mx\/index.php?rest_route=\/wp\/v2\/posts"}],"about":[{"href":"https:\/\/zonaroja.com.mx\/index.php?rest_route=\/wp\/v2\/types\/post"}],"author":[{"embeddable":true,"href":"https:\/\/zonaroja.com.mx\/index.php?rest_route=\/wp\/v2\/users\/2"}],"replies":[{"embeddable":true,"href":"https:\/\/zonaroja.com.mx\/index.php?rest_route=%2Fwp%2Fv2%2Fcomments&post=25998"}],"version-history":[{"count":1,"href":"https:\/\/zonaroja.com.mx\/index.php?rest_route=\/wp\/v2\/posts\/25998\/revisions"}],"predecessor-version":[{"id":26001,"href":"https:\/\/zonaroja.com.mx\/index.php?rest_route=\/wp\/v2\/posts\/25998\/revisions\/26001"}],"wp:featuredmedia":[{"embeddable":true,"href":"https:\/\/zonaroja.com.mx\/index.php?rest_route=\/wp\/v2\/media\/25999"}],"wp:attachment":[{"href":"https:\/\/zonaroja.com.mx\/index.php?rest_route=%2Fwp%2Fv2%2Fmedia&parent=25998"}],"wp:term":[{"taxonomy":"category","embeddable":true,"href":"https:\/\/zonaroja.com.mx\/index.php?rest_route=%2Fwp%2Fv2%2Fcategories&post=25998"},{"taxonomy":"post_tag","embeddable":true,"href":"https:\/\/zonaroja.com.mx\/index.php?rest_route=%2Fwp%2Fv2%2Ftags&post=25998"}],"curies":[{"name":"wp","href":"https:\/\/api.w.org\/{rel}","templated":true}]}}