{"id":26003,"date":"2021-04-15T12:44:18","date_gmt":"2021-04-15T17:44:18","guid":{"rendered":"https:\/\/www.zonaroja.com.mx\/?p=26003"},"modified":"2021-04-15T12:44:20","modified_gmt":"2021-04-15T17:44:20","slug":"urge-diputado-horacio-sosa-concretar-pacto-de-civilidad-en-oaxaca","status":"publish","type":"post","link":"https:\/\/zonaroja.com.mx\/?p=26003","title":{"rendered":"Urge diputado Horacio Sosa concretar pacto de civilidad en Oaxaca"},"content":{"rendered":"\n<p class=\"MsoNormal\">Evlin Arag\u00f3n\/Zona Roja. <\/p>\n\n\n\n<p class=\"MsoNormal\">Oaxaca de Ju\u00e1rez, Oax., 15 de abril de 2021.- El diputado local por Morena, Horacio Sosa Villavicencio, urgi\u00f3 a las autoridades del gobierno de Oaxaca y las de car\u00e1cter electoral revisar, analizar y concretar el pacto de civilidad firmado de manera reciente en la entidad.  <\/p>\n\n\n\n<p class=\"MsoNormal\">Lo anterior ya que dijo, pareciera que no est\u00e1 sirviendo para nada ante los hechos violentos que han empa\u00f1ado el proceso electoral en curso en la entidad oaxaque\u00f1a.&nbsp;&nbsp;<\/p>\n\n\n\n<p class=\"MsoNormal\">\u201cHay un pacto de civilidad, pero vemos que la violencia no cesa en Oaxaca, pareciera que quisieran meterle miedo al electorado y eso no lo podemos permitir\u201d, dijo el legislador en entrevista con ZONA ROJA. <\/p>\n\n\n\n<p class=\"MsoNormal\">De ah\u00ed que hizo un exhorto al gobernador, Alejandro Murat Hinojosa, para que a la brevedad re\u00fana a todo su gabinete, en especial las \u00e1reas de seguridad y procuraci\u00f3n de justicia, con la finalidad de evaluar la situaci\u00f3n actual, misma que de no contener se desbordar\u00e1 en perjuicio de la poblaci\u00f3n.  <\/p>\n\n\n\n<p class=\"MsoNormal\">Particularmente, pidi\u00f3 a las instancias de procuraci\u00f3n de justicia y seguridad p\u00fablica, encabezadas por Arturo Peimbert Calvo y Heliodoro D\u00edaz Esc\u00e1rraga, cumplan con su labor y garanticen un proceso electoral en paz. <\/p>\n\n\n\n<p class=\"MsoNormal\">\u201cDesde el Congreso del Estado hacemos un llamado a la Fiscal\u00eda y a la Secretar\u00eda de Seguridad P\u00fablica para que realicen su trabajo. No podemos permitir que este proceso electoral se siga ba\u00f1ando de sangre\u201d, refiri\u00f3.  <\/p>\n\n\n\n<p class=\"MsoNormal\">Lo anterior, tras el reciente ataque armado en el que fuera asesinado Leonardo D\u00edaz, padre de la diputada federal y dirigente de Acci\u00f3n Nacional en Oaxaca, Natividad D\u00edaz Jim\u00e9nez, registrado en la zona sur de la capital del estado.  <\/p>\n\n\n\n<p class=\"MsoNormal\">As\u00ed como el asesinato de Ivonne Gallegos, aspirante a la presidencia municipal de Ocotl\u00e1n de Morelos, por la coalici\u00f3n \u201cVamos por Oaxaca\u201d, conformada por el PAN, PRI y PRD, registrado el 20 de marzo.&nbsp;&nbsp;<\/p>\n\n\n\n<p class=\"MsoNormal\">Por ambos casos pidi\u00f3 justicia y reiter\u00f3 que la Fiscal\u00eda y la Secretar\u00eda de Seguridad debe hacer su trabajo para identificar y castigar a los responsables de tan deplorables hechos, que empa\u00f1an el proceso electoral en curso.  <\/p>\n","protected":false},"excerpt":{"rendered":"<p>Evlin Arag\u00f3n\/Zona Roja. Oaxaca de Ju\u00e1rez, Oax., 15 de abril de 2021.- El diputado local&hellip;<\/p>\n","protected":false},"author":2,"featured_media":26002,"comment_status":"closed","ping_status":"open","sticky":false,"template":"","format":"standard","meta":{"_lmt_disableupdate":"","_lmt_disable":"","_jetpack_memberships_contains_paid_content":false,"footnotes":""},"categories":[109,46],"tags":[444],"class_list":["post-26003","post","type-post","status-publish","format-standard","has-post-thumbnail","hentry","category-minuto-a-minuto","category-zona-blanca","tag-horacio-sosa-villavicencio"],"jetpack_featured_media_url":"https:\/\/zonaroja.com.mx\/wp-content\/uploads\/2021\/04\/1ad63f2e-fbb0-45cd-8f97-506e599e3961.jpg","jetpack_sharing_enabled":true,"_links":{"self":[{"href":"https:\/\/zonaroja.com.mx\/index.php?rest_route=\/wp\/v2\/posts\/26003","targetHints":{"allow":["GET"]}}],"collection":[{"href":"https:\/\/zonaroja.com.mx\/index.php?rest_route=\/wp\/v2\/posts"}],"about":[{"href":"https:\/\/zonaroja.com.mx\/index.php?rest_route=\/wp\/v2\/types\/post"}],"author":[{"embeddable":true,"href":"https:\/\/zonaroja.com.mx\/index.php?rest_route=\/wp\/v2\/users\/2"}],"replies":[{"embeddable":true,"href":"https:\/\/zonaroja.com.mx\/index.php?rest_route=%2Fwp%2Fv2%2Fcomments&post=26003"}],"version-history":[{"count":1,"href":"https:\/\/zonaroja.com.mx\/index.php?rest_route=\/wp\/v2\/posts\/26003\/revisions"}],"predecessor-version":[{"id":26004,"href":"https:\/\/zonaroja.com.mx\/index.php?rest_route=\/wp\/v2\/posts\/26003\/revisions\/26004"}],"wp:featuredmedia":[{"embeddable":true,"href":"https:\/\/zonaroja.com.mx\/index.php?rest_route=\/wp\/v2\/media\/26002"}],"wp:attachment":[{"href":"https:\/\/zonaroja.com.mx\/index.php?rest_route=%2Fwp%2Fv2%2Fmedia&parent=26003"}],"wp:term":[{"taxonomy":"category","embeddable":true,"href":"https:\/\/zonaroja.com.mx\/index.php?rest_route=%2Fwp%2Fv2%2Fcategories&post=26003"},{"taxonomy":"post_tag","embeddable":true,"href":"https:\/\/zonaroja.com.mx\/index.php?rest_route=%2Fwp%2Fv2%2Ftags&post=26003"}],"curies":[{"name":"wp","href":"https:\/\/api.w.org\/{rel}","templated":true}]}}