{"id":26005,"date":"2021-04-15T14:23:47","date_gmt":"2021-04-15T19:23:47","guid":{"rendered":"http:\/\/www.zonaroja.com.mx\/?p=26005"},"modified":"2021-04-15T14:23:50","modified_gmt":"2021-04-15T19:23:50","slug":"titular-del-ieebo-se-niega-a-pagar-a-trabajadores-anuncian-paro-de-labores","status":"publish","type":"post","link":"https:\/\/zonaroja.com.mx\/?p=26005","title":{"rendered":"Titular del IEEBO se niega a pagar a trabajadores; anuncian paro de labores"},"content":{"rendered":"\n<p>Yuridiana Sosa\/Zona Roja.<\/p>\n\n\n\n<p>Oaxaca de Ju\u00e1rez, Oax., 15 de abril de 2021.- Integrantes del Sindicato \u00danico de Trabajadores del Instituto de Estudios de Bachillerato de Oaxaca (IEBO) anunciaron movilizaciones, ante la omisi\u00f3n de pagos de asesores acad\u00e9micos y de personal administrativo, pendientes desde el 2019.<\/p>\n\n\n\n<p>El comit\u00e9 ejecutivo denunci\u00f3 en conferencia de prensa que a pesar de los acuerdos establecidos en el 2020, tras varios meses de atraso con los pagos y en el que particip\u00f3 la Secretar\u00eda General de Gobierno, las secretar\u00edas de Finanzas y de Administraci\u00f3n, as\u00ed como la direcci\u00f3n general del IEBO ahora se\u00f1alan que no hay dinero ni fecha para los pagos.<\/p>\n\n\n\n<p>Son m\u00e1s de tres millones 700 mil pesos el monto acumulado que se adeuda a 90 asesores acad\u00e9micos, pero no es la primera ocasi\u00f3n que padecen de este problema de pagos, se\u00f1al\u00f3 el secretario general del sindicado, V\u00edctor Hern\u00e1ndez Guzm\u00e1n.<\/p>\n\n\n\n<p>Tambi\u00e9n denunci\u00f3 que existe falta de cumplimiento con el pago de aumentos de salarios para el personal de administraci\u00f3n, pactado en 2020 y el cual se liquidar\u00eda en cuatro partes, pero hasta ahora tampoco hay pago alguno.<\/p>\n\n\n\n<p>Ante estas irregularidades, el SUTIEBO da un plazo para la pr\u00f3xima semana o de lo contrario comenzar\u00e1n con movilizaciones para presionar a las autoridades del estado, por lo pronto con un paro de labores el pr\u00f3ximo lunes.<\/p>\n\n\n\n<figure class=\"wp-block-embed-twitter wp-block-embed is-type-rich is-provider-twitter\"><div class=\"wp-block-embed__wrapper\">\n<div class=\"twitter-tweet\"><blockquote class=\"twitter-tweet\" data-lang=\"es\"><p lang=\"es\" dir=\"ltr\"><a href=\"https:\/\/twitter.com\/hashtag\/ENVIVO?src=hash&amp;ref_src=twsrc%5Etfw\">#ENVIVO<\/a> <br>Oaxaca de Ju\u00e1rez, Oax., 15 de abril de 2021.- Conferencia de prensa del Sindicato \u00danico de Trabajadores del Instituto de Estudios de Bachillerato del Estado de Oaxaca, denuncia incumplimiento del gobierno. <br><br>Transmisi\u00f3n \ud83d\udc47<a href=\"https:\/\/t.co\/m0A1PjBhUj\">https:\/\/t.co\/m0A1PjBhUj<\/a> <a href=\"https:\/\/t.co\/NbCIU8iUvE\">pic.twitter.com\/NbCIU8iUvE<\/a><\/p>&mdash; Zona Roja Oaxaca (@Zona_Roja_Oax) <a href=\"https:\/\/twitter.com\/Zona_Roja_Oax\/status\/1382715249422258180?ref_src=twsrc%5Etfw\">15 de abril de 2021<\/a><\/blockquote><\/div>\n<\/div><\/figure>\n\n\n\n<p>OTRAS EXIGENCIAS<\/p>\n\n\n\n<p>\u00a0El secretario general del SUTIEBO denunci\u00f3 que la direcci\u00f3n del IEBO, a cargo de Alejandro Aroche Tarasco &#8211;de quien exigir\u00e1n su renuncia&#8211;, y la Coordinaci\u00f3n General de Educaci\u00f3n Media Superior y Superior Ciencia y Tecnolog\u00eda (CGEMSySCyT) tambi\u00e9n han incumplido en generar las condiciones laborales para que los docentes otorguen las clases a distancia en l\u00ednea.<\/p>\n\n\n\n<p>Los profesores han invertido de sus recursos propios para adquirir equipo de c\u00f3mputo, internet, entre otras herramientas y material did\u00e1ctico para sacar adelante el curso.<\/p>\n\n\n\n<p>Por lo que exigieron al gobierno del estado realizar los tr\u00e1mites necesarios para que el recurso que no se ocup\u00f3 en el interlaboral y la fiesta de fin de a\u00f1o se destine como apoyo a los docentes.<\/p>\n\n\n\n<p>Este sistema educativo, con 260 planteles, atiende a 25 mil estudiantes de 199 municipios de alta y muy alta marginaci\u00f3n, atendidos por mil 200 trabajadores.<\/p>\n","protected":false},"excerpt":{"rendered":"<p>Yuridiana Sosa\/Zona Roja. Oaxaca de Ju\u00e1rez, Oax., 15 de abril de 2021.- Integrantes del Sindicato&hellip;<\/p>\n","protected":false},"author":2,"featured_media":26006,"comment_status":"closed","ping_status":"open","sticky":false,"template":"","format":"standard","meta":{"_lmt_disableupdate":"","_lmt_disable":"","_jetpack_memberships_contains_paid_content":false,"footnotes":""},"categories":[109,47],"tags":[2607],"class_list":["post-26005","post","type-post","status-publish","format-standard","has-post-thumbnail","hentry","category-minuto-a-minuto","category-zona-gris","tag-sindicato-unico-de-trabajadores-del-iebo"],"jetpack_featured_media_url":"https:\/\/zonaroja.com.mx\/wp-content\/uploads\/2021\/04\/Conferencia-SUTIEBO.jpg","jetpack_sharing_enabled":true,"_links":{"self":[{"href":"https:\/\/zonaroja.com.mx\/index.php?rest_route=\/wp\/v2\/posts\/26005","targetHints":{"allow":["GET"]}}],"collection":[{"href":"https:\/\/zonaroja.com.mx\/index.php?rest_route=\/wp\/v2\/posts"}],"about":[{"href":"https:\/\/zonaroja.com.mx\/index.php?rest_route=\/wp\/v2\/types\/post"}],"author":[{"embeddable":true,"href":"https:\/\/zonaroja.com.mx\/index.php?rest_route=\/wp\/v2\/users\/2"}],"replies":[{"embeddable":true,"href":"https:\/\/zonaroja.com.mx\/index.php?rest_route=%2Fwp%2Fv2%2Fcomments&post=26005"}],"version-history":[{"count":1,"href":"https:\/\/zonaroja.com.mx\/index.php?rest_route=\/wp\/v2\/posts\/26005\/revisions"}],"predecessor-version":[{"id":26007,"href":"https:\/\/zonaroja.com.mx\/index.php?rest_route=\/wp\/v2\/posts\/26005\/revisions\/26007"}],"wp:featuredmedia":[{"embeddable":true,"href":"https:\/\/zonaroja.com.mx\/index.php?rest_route=\/wp\/v2\/media\/26006"}],"wp:attachment":[{"href":"https:\/\/zonaroja.com.mx\/index.php?rest_route=%2Fwp%2Fv2%2Fmedia&parent=26005"}],"wp:term":[{"taxonomy":"category","embeddable":true,"href":"https:\/\/zonaroja.com.mx\/index.php?rest_route=%2Fwp%2Fv2%2Fcategories&post=26005"},{"taxonomy":"post_tag","embeddable":true,"href":"https:\/\/zonaroja.com.mx\/index.php?rest_route=%2Fwp%2Fv2%2Ftags&post=26005"}],"curies":[{"name":"wp","href":"https:\/\/api.w.org\/{rel}","templated":true}]}}