{"id":26011,"date":"2021-04-15T16:03:46","date_gmt":"2021-04-15T21:03:46","guid":{"rendered":"http:\/\/www.zonaroja.com.mx\/?p=26011"},"modified":"2021-04-15T16:03:55","modified_gmt":"2021-04-15T21:03:55","slug":"a-falta-de-seguridad-por-la-sspo-paso-de-la-reyna-instala-revision-comunitaria","status":"publish","type":"post","link":"https:\/\/zonaroja.com.mx\/?p=26011","title":{"rendered":"A falta de seguridad por la SSPO, Paso de la Reyna instala revisi\u00f3n comunitaria"},"content":{"rendered":"\n<p>Redacci\u00f3n\/Zona Roja.<\/p>\n\n\n\n<p>Oaxaca de Ju\u00e1rez, Oax., 15 de abril de 2021.- La falta de una respuesta oportuna y los nulos avances en el asesinato del defensor comunitario Fidel Heras Cruz, provocaron que el riesgo se incrementara para la comunidad de Paso de la Reyna, Jamiltepec.<\/p>\n\n\n\n<p>Pese a que las autoridades comunitarias solicitaron reiteradamente la presencia de un destacamento permanente de la Polic\u00eda Estatal, dependiente de la Secretar\u00eda de Seguridad P\u00fablica, y de recorridos constantes por parte de la Guardia Nacional, la falta de respuesta provoc\u00f3 el asesinato de tres ciudadanos el 15 de marzo.<\/p>\n\n\n\n<p>\u201cCuando nadie pensaba que se pod\u00eda poner peor, se perpetra el quinto asesinato del ejidatario Jaime Jim\u00e9nez Ruiz el 28 de marzo\u201d, expuso la comunidad a trav\u00e9s de un comunicado.<\/p>\n\n\n\n<p>Con fecha 5 de abril, las autoridades auxiliares de la poblaci\u00f3n enviaron un oficio al titular de la Defensor\u00eda de los Derechos Humanos del Pueblo de Oaxaca, Bernardo Rodr\u00edguez Alamilla, para informar que hasta ese d\u00eda, no hab\u00eda llegado la seguridad que pidieron, pese a cinco cr\u00edmenes perpetrados este a\u00f1o.<\/p>\n\n\n\n<p>Por ello, notificaron la instalaci\u00f3n de un ret\u00e9n, conocido como puesto de revisi\u00f3n comunitaria, a la altura del paraje \u201cEl Zanate\u201d, a fin de detectar a personas ajenas a la comunidad y para que se identifiquen y se reporten con la comunidad.<\/p>\n\n\n\n<p>\u201cCinco familias vivieron en menos de tres meses, momentos de horror, de temor, de incredulidad, una comunidad de m\u00e1s de 500 habitantes hab\u00eda perdido a cinco ciudadanos, activos en sus derechos y organizados en la comunidad y en la organizaci\u00f3n regional denominada Consejo de Pueblos Unidos por la Defensa del R\u00edo Verde.<\/p>\n\n\n\n<p>\u201cNinguno, ninguna alcanzaba a comprender como despu\u00e9s del mes de diciembre donde se realiz\u00f3 la fiesta patronal en un ambiente festivo, se viviera uno de los peores a\u00f1os que se recuerden en Paso de la Reyna y los alrededores, la calle del pante\u00f3n se convirti\u00f3 en testigo de los funerales.<\/p>\n\n\n\n<p>\u201cAnte todo, la ausencia del gobierno estatal y federal ha sido abrumadora, el silencio ha sido c\u00f3mplice de los poderes f\u00e1cticos que controlan la regi\u00f3n de la Costa\u201d, difundi\u00f3 hoy la organizaci\u00f3n civil Educa.<\/p>\n\n\n\n<p>Pese a ello y en medio del dolor, de la incertidumbre la comunidad decidi\u00f3 reconstituir su vida en comunidad, record\u00f3 que solamente su acci\u00f3n organizada ha sido la respuesta ante situaciones de peligro, de esta manera, a\u00fan en medio de los acostumbrados rituales de nueve y cuarenta d\u00edas, se convoc\u00f3 a una asamblea donde se analiz\u00f3 la situaci\u00f3n y se lanzaron propuestas para la protecci\u00f3n de las y los habitantes de la comunidad.<\/p>\n\n\n\n<p>\u201cDe esta manera en el ejercicio del derecho a su autonom\u00eda y con la certeza de que era la v\u00eda m\u00e1s segura, se aprob\u00f3 la reinstalaci\u00f3n del campamento comunitario en el paraje \u2018El Zanate\u2019, ubicado en la entrada del ejido. Siendo formales como son todav\u00eda muchos pueblos notificaron esta decisi\u00f3n a las instancias estatales y federales respectivas\u201d, detall\u00f3.<\/p>\n\n\n\n<p>Indic\u00f3 que el campamento servir\u00e1 para controlar la entrada y salida de veh\u00edculos y personas ajenas a la comunidad y se contar\u00e1 con la participaci\u00f3n de las y los ciudadanos organizados y de la polic\u00eda comunitaria, bajo la coordinaci\u00f3n de sus autoridades administrativas y agrarias. A la fecha no hay respuesta de ninguna instancia, el silencio prevalece, ese silencio que literalmente resguardan a cinco muertos de Paso de la Reyna.<\/p>\n\n\n\n<p>\u201cEn Oaxaca, la crisis de seguridad parece agudizarse, no se sabe si por ineficacia o con toda la intenci\u00f3n de instalar conflictos que favorezcan a grupos en el poder y actores f\u00e1cticos en estos tiempos electorales, donde parece importar m\u00e1s la frivolidad y el vac\u00edo de propuestas que realmente importen a la gente\u201d, remarc\u00f3 la asociaci\u00f3n civil.<\/p>\n","protected":false},"excerpt":{"rendered":"<p>Redacci\u00f3n\/Zona Roja. Oaxaca de Ju\u00e1rez, Oax., 15 de abril de 2021.- La falta de una&hellip;<\/p>\n","protected":false},"author":2,"featured_media":26012,"comment_status":"closed","ping_status":"open","sticky":false,"template":"","format":"standard","meta":{"_lmt_disableupdate":"","_lmt_disable":"","_jetpack_memberships_contains_paid_content":false,"footnotes":""},"categories":[109,47],"tags":[2397],"class_list":["post-26011","post","type-post","status-publish","format-standard","has-post-thumbnail","hentry","category-minuto-a-minuto","category-zona-gris","tag-paso-de-la-reyna-jamiltepec"],"jetpack_featured_media_url":"https:\/\/zonaroja.com.mx\/wp-content\/uploads\/2021\/04\/Seguridad-Paso-de-la-Reyna.jpg","jetpack_sharing_enabled":true,"_links":{"self":[{"href":"https:\/\/zonaroja.com.mx\/index.php?rest_route=\/wp\/v2\/posts\/26011","targetHints":{"allow":["GET"]}}],"collection":[{"href":"https:\/\/zonaroja.com.mx\/index.php?rest_route=\/wp\/v2\/posts"}],"about":[{"href":"https:\/\/zonaroja.com.mx\/index.php?rest_route=\/wp\/v2\/types\/post"}],"author":[{"embeddable":true,"href":"https:\/\/zonaroja.com.mx\/index.php?rest_route=\/wp\/v2\/users\/2"}],"replies":[{"embeddable":true,"href":"https:\/\/zonaroja.com.mx\/index.php?rest_route=%2Fwp%2Fv2%2Fcomments&post=26011"}],"version-history":[{"count":1,"href":"https:\/\/zonaroja.com.mx\/index.php?rest_route=\/wp\/v2\/posts\/26011\/revisions"}],"predecessor-version":[{"id":26013,"href":"https:\/\/zonaroja.com.mx\/index.php?rest_route=\/wp\/v2\/posts\/26011\/revisions\/26013"}],"wp:featuredmedia":[{"embeddable":true,"href":"https:\/\/zonaroja.com.mx\/index.php?rest_route=\/wp\/v2\/media\/26012"}],"wp:attachment":[{"href":"https:\/\/zonaroja.com.mx\/index.php?rest_route=%2Fwp%2Fv2%2Fmedia&parent=26011"}],"wp:term":[{"taxonomy":"category","embeddable":true,"href":"https:\/\/zonaroja.com.mx\/index.php?rest_route=%2Fwp%2Fv2%2Fcategories&post=26011"},{"taxonomy":"post_tag","embeddable":true,"href":"https:\/\/zonaroja.com.mx\/index.php?rest_route=%2Fwp%2Fv2%2Ftags&post=26011"}],"curies":[{"name":"wp","href":"https:\/\/api.w.org\/{rel}","templated":true}]}}