{"id":26021,"date":"2021-04-15T18:05:24","date_gmt":"2021-04-15T23:05:24","guid":{"rendered":"http:\/\/www.zonaroja.com.mx\/?p=26021"},"modified":"2021-04-15T18:05:27","modified_gmt":"2021-04-15T23:05:27","slug":"agreden-a-voceadores-en-ejutla-por-vender-periodico-sobre-crimen-de-ex-edil","status":"publish","type":"post","link":"https:\/\/zonaroja.com.mx\/?p=26021","title":{"rendered":"Agreden a voceadores en Ejutla, por vender peri\u00f3dico sobre crimen de ex edil"},"content":{"rendered":"\n<p>Yuridiana Sosa\/Zona Roja.<\/p>\n\n\n\n<p>Oaxaca de Ju\u00e1rez, Oax., 15 de abril de 2021.- Tres voceadores de peri\u00f3dicos fueron golpeados y v\u00edctimas de robo en Ejutla de Crespo, Oaxaca, cuando llegaron a vender los ejemplares con la noticia de la ejecuci\u00f3n de Leonardo D\u00edaz Cruz, ex pol\u00edtico del municipio donde su hijo Leonardo D\u00edaz Jim\u00e9nez es presidente municipal.<\/p>\n\n\n\n<p>Ante la violencia contra sus compa\u00f1eros, dirigentes de la Uni\u00f3n de Voceadores y Expendedores de Peri\u00f3dicos, Libros y Revistas del Estado de Oaxaca condenaron \u201cel cobarde ataque\u201d por parte de sujetos desconocidos, quienes adem\u00e1s despojaron a los vendedores de dinero, ejemplares y equipos de sonido.<\/p>\n\n\n\n<p>\u201cNosotros s\u00f3lo somos el \u00faltimo eslab\u00f3n de los medios de comunicaci\u00f3n impresos, nunca ofendemos, nunca agredimos, s\u00f3lo somos parte de esta gran cadena de informaci\u00f3n\u201d, se\u00f1al\u00f3 la Uni\u00f3n en un comunicado.<\/p>\n\n\n\n<p>El secretario general de la Uni\u00f3n, Francisco Celis V\u00e1zquez, inform\u00f3 que los voceadores fueron identificados como Guadalupe, Jaime y V\u00edctor. Aunque no se inform\u00f3 sobre la presentaci\u00f3n de alguna denuncia formal.<\/p>\n\n\n\n<p>\u201c\u00a1No se vale! nosotros s\u00f3lo preguntamos la informaci\u00f3n que publican los distintos peri\u00f3dicos y como muchos oaxaque\u00f1os vamos al d\u00eda\u201d, refiri\u00f3 el l\u00edder.<\/p>\n\n\n\n<p>Leonardo D\u00edaz Cruz, ex pol\u00edtico del PAN, era padre del actual edil con licencia en Ejutla de Crespo y quien busca la diputaci\u00f3n por ese distrito; de Carlos D\u00edaz, candidato a la presidencia municipal de Ejutla y de Natividad D\u00edaz, diputada federal y presidenta del Comit\u00e9 Directivo Estatal del PAN.<\/p>\n\n\n\n<p>El padre de los pol\u00edticos fue ultimado a balazos el martes en San Antonio de la Cal -en inmediaciones de la capital del estado- afuera de un establecimiento de venta de materiales de construcci\u00f3n&nbsp; en la avenida S\u00edmbolos Patrios.<\/p>\n\n\n\n<p>En 2017 se registr\u00f3 otra agresi\u00f3n a un voceador en Mazatl\u00e1n Villa de Flores en la regi\u00f3n de la Ca\u00f1ada y el hecho fue registrado por la organizaci\u00f3n Art\u00edculo 19.<\/p>\n","protected":false},"excerpt":{"rendered":"<p>Yuridiana Sosa\/Zona Roja. Oaxaca de Ju\u00e1rez, Oax., 15 de abril de 2021.- Tres voceadores de&hellip;<\/p>\n","protected":false},"author":2,"featured_media":26022,"comment_status":"closed","ping_status":"open","sticky":false,"template":"","format":"standard","meta":{"_lmt_disableupdate":"","_lmt_disable":"","_jetpack_memberships_contains_paid_content":false,"footnotes":""},"categories":[109,47],"tags":[2609],"class_list":["post-26021","post","type-post","status-publish","format-standard","has-post-thumbnail","hentry","category-minuto-a-minuto","category-zona-gris","tag-union-de-voceadores-del-estado-de-oaxaca"],"jetpack_featured_media_url":"https:\/\/zonaroja.com.mx\/wp-content\/uploads\/2021\/04\/v1.jpg","jetpack_sharing_enabled":true,"_links":{"self":[{"href":"https:\/\/zonaroja.com.mx\/index.php?rest_route=\/wp\/v2\/posts\/26021","targetHints":{"allow":["GET"]}}],"collection":[{"href":"https:\/\/zonaroja.com.mx\/index.php?rest_route=\/wp\/v2\/posts"}],"about":[{"href":"https:\/\/zonaroja.com.mx\/index.php?rest_route=\/wp\/v2\/types\/post"}],"author":[{"embeddable":true,"href":"https:\/\/zonaroja.com.mx\/index.php?rest_route=\/wp\/v2\/users\/2"}],"replies":[{"embeddable":true,"href":"https:\/\/zonaroja.com.mx\/index.php?rest_route=%2Fwp%2Fv2%2Fcomments&post=26021"}],"version-history":[{"count":1,"href":"https:\/\/zonaroja.com.mx\/index.php?rest_route=\/wp\/v2\/posts\/26021\/revisions"}],"predecessor-version":[{"id":26023,"href":"https:\/\/zonaroja.com.mx\/index.php?rest_route=\/wp\/v2\/posts\/26021\/revisions\/26023"}],"wp:featuredmedia":[{"embeddable":true,"href":"https:\/\/zonaroja.com.mx\/index.php?rest_route=\/wp\/v2\/media\/26022"}],"wp:attachment":[{"href":"https:\/\/zonaroja.com.mx\/index.php?rest_route=%2Fwp%2Fv2%2Fmedia&parent=26021"}],"wp:term":[{"taxonomy":"category","embeddable":true,"href":"https:\/\/zonaroja.com.mx\/index.php?rest_route=%2Fwp%2Fv2%2Fcategories&post=26021"},{"taxonomy":"post_tag","embeddable":true,"href":"https:\/\/zonaroja.com.mx\/index.php?rest_route=%2Fwp%2Fv2%2Ftags&post=26021"}],"curies":[{"name":"wp","href":"https:\/\/api.w.org\/{rel}","templated":true}]}}