{"id":2603,"date":"2019-07-29T08:46:45","date_gmt":"2019-07-29T13:46:45","guid":{"rendered":"http:\/\/www.zonaroja.com.mx\/?p=2603"},"modified":"2019-07-29T08:46:47","modified_gmt":"2019-07-29T13:46:47","slug":"rebasa-oaxaca-promedio-nacional-de-tasa-por-secuestros","status":"publish","type":"post","link":"https:\/\/zonaroja.com.mx\/?p=2603","title":{"rendered":"Rebasa Oaxaca promedio nacional de tasa por secuestros"},"content":{"rendered":"\n<p>Ismael Garc\u00eda M.<\/p>\n\n\n\n<p>Oaxaca de Ju\u00e1rez, Oax., Oaxaca forma\nparte una de las 10 entidades de la Rep\u00fablica Mexicana que rebasa la tasa\nnacional de homicidios, que es de .121 por cada 100 mil habitantes. Incluso supera\na la capital del pa\u00eds.<\/p>\n\n\n\n<p>De acuerdo con la organizaci\u00f3n Alto al\nSecuestro, la tasa en Veracruz es de 0.444, en Zacatecas de 0.402, Hidalgo\n0.187, Guerrero 0.177, Chihuahua 0.146, Puebla 0.138, Oaxaca 0.131, en Ciudad\nde M\u00e9xico 0.124, Chihuahua 0.146, Baja California 0.126.<\/p>\n\n\n\n<p>Seg\u00fan la asociaci\u00f3n civil, de diciembre\nde 2018 a junio de este a\u00f1o \u2013periodo de gobierno de Andr\u00e9s Manuel L\u00f3pez\nObrador&#8211;, en el pa\u00eds se han cometido mil 107 secuestros.<\/p>\n\n\n\n<p>La mayor cantidad, con 292, en\nVeracruz; 190 en el Estado de M\u00e9xico, 79 en la Ciudad de M\u00e9xico y 65 en Puebla.\nOaxaca se ubica en la posici\u00f3n 17, con 17 casos y rebasa a Nuevo Le\u00f3n, Sonora y\nColima, entre otros. Un secuestro registraron en ese lapso Baja California Sur\ny Durango.<\/p>\n\n\n\n<p>En tanto, en el mes de junio de 2019,\nla entidad oaxaque\u00f1a report\u00f3 cinco secuestros, en comparaci\u00f3n con un caso que tuvo\nel mes de mayo. La Fiscal\u00eda General del Estado dio a conocer \u00fanicamente dos personas\ndetenidas en ese mes.<\/p>\n\n\n\n<p>Oaxaca es la tercera entidad del pa\u00eds\ndonde se registr\u00f3 el aumento de plagios en el pa\u00eds, superado solamente por\nHidalgo y Baja California. Rebasa incluso a Guerrero y Michoac\u00e1n.<\/p>\n\n\n\n<p>Aunque no est\u00e1 en estas estad\u00edsticas, el pasado 17 de julio fue secuestrado en la capital del estado el hijo de un empresario del ramo del mole y el chocolate; tras pagar un rescate, fue liberado al d\u00eda siguiente. La Fiscal\u00eda General del Estado \u00fanicamente particip\u00f3 en asesor\u00eda a los familiares de la v\u00edctima.<\/p>\n\n\n\n<figure class=\"wp-block-embed-twitter wp-block-embed is-type-rich is-provider-twitter\"><div class=\"wp-block-embed__wrapper\">\n<div class=\"twitter-tweet\"><blockquote class=\"twitter-tweet\" data-lang=\"es\"><p lang=\"es\" dir=\"ltr\"><a href=\"https:\/\/twitter.com\/hashtag\/Vercaruz?src=hash&amp;ref_src=twsrc%5Etfw\">#Vercaruz<\/a>, <a href=\"https:\/\/twitter.com\/hashtag\/Zacatecas?src=hash&amp;ref_src=twsrc%5Etfw\">#Zacatecas<\/a> e <a href=\"https:\/\/twitter.com\/hashtag\/Hidalgo?src=hash&amp;ref_src=twsrc%5Etfw\">#Hidalgo<\/a> fueron los estados con la tasa de <a href=\"https:\/\/twitter.com\/hashtag\/secuestros?src=hash&amp;ref_src=twsrc%5Etfw\">#secuestros<\/a> por cada 100 mil habitantes m\u00e1s alta durante junio. <a href=\"https:\/\/twitter.com\/EjeCentral?ref_src=twsrc%5Etfw\">@EjeCentral<\/a> <a href=\"https:\/\/t.co\/3VFaM3pYOP\">pic.twitter.com\/3VFaM3pYOP<\/a><\/p>&mdash; Alto al Secuestro (@altoalsecuestro) <a href=\"https:\/\/twitter.com\/altoalsecuestro\/status\/1155629008329084939?ref_src=twsrc%5Etfw\">29 de julio de 2019<\/a><\/blockquote><\/div>\n<\/div><\/figure>\n","protected":false},"excerpt":{"rendered":"<p>Ismael Garc\u00eda M. Oaxaca de Ju\u00e1rez, Oax., Oaxaca forma parte una de las 10 entidades&hellip;<\/p>\n","protected":false},"author":2,"featured_media":2604,"comment_status":"closed","ping_status":"open","sticky":false,"template":"","format":"standard","meta":{"_lmt_disableupdate":"","_lmt_disable":"","_jetpack_memberships_contains_paid_content":false,"footnotes":""},"categories":[109,51],"tags":[421],"class_list":["post-2603","post","type-post","status-publish","format-standard","has-post-thumbnail","hentry","category-minuto-a-minuto","category-zona-roja","tag-aumentan-secuestros-en-oaxaca"],"jetpack_featured_media_url":"https:\/\/zonaroja.com.mx\/wp-content\/uploads\/2019\/07\/secuestro1.jpg","jetpack_sharing_enabled":true,"_links":{"self":[{"href":"https:\/\/zonaroja.com.mx\/index.php?rest_route=\/wp\/v2\/posts\/2603","targetHints":{"allow":["GET"]}}],"collection":[{"href":"https:\/\/zonaroja.com.mx\/index.php?rest_route=\/wp\/v2\/posts"}],"about":[{"href":"https:\/\/zonaroja.com.mx\/index.php?rest_route=\/wp\/v2\/types\/post"}],"author":[{"embeddable":true,"href":"https:\/\/zonaroja.com.mx\/index.php?rest_route=\/wp\/v2\/users\/2"}],"replies":[{"embeddable":true,"href":"https:\/\/zonaroja.com.mx\/index.php?rest_route=%2Fwp%2Fv2%2Fcomments&post=2603"}],"version-history":[{"count":1,"href":"https:\/\/zonaroja.com.mx\/index.php?rest_route=\/wp\/v2\/posts\/2603\/revisions"}],"predecessor-version":[{"id":2605,"href":"https:\/\/zonaroja.com.mx\/index.php?rest_route=\/wp\/v2\/posts\/2603\/revisions\/2605"}],"wp:featuredmedia":[{"embeddable":true,"href":"https:\/\/zonaroja.com.mx\/index.php?rest_route=\/wp\/v2\/media\/2604"}],"wp:attachment":[{"href":"https:\/\/zonaroja.com.mx\/index.php?rest_route=%2Fwp%2Fv2%2Fmedia&parent=2603"}],"wp:term":[{"taxonomy":"category","embeddable":true,"href":"https:\/\/zonaroja.com.mx\/index.php?rest_route=%2Fwp%2Fv2%2Fcategories&post=2603"},{"taxonomy":"post_tag","embeddable":true,"href":"https:\/\/zonaroja.com.mx\/index.php?rest_route=%2Fwp%2Fv2%2Ftags&post=2603"}],"curies":[{"name":"wp","href":"https:\/\/api.w.org\/{rel}","templated":true}]}}