{"id":26030,"date":"2021-04-15T20:59:49","date_gmt":"2021-04-16T01:59:49","guid":{"rendered":"http:\/\/www.zonaroja.com.mx\/?p=26030"},"modified":"2021-04-15T20:59:58","modified_gmt":"2021-04-16T01:59:58","slug":"demanda-diputada-magaly-lopez-seguridad-y-justicia-para-paso-de-la-reyna","status":"publish","type":"post","link":"https:\/\/zonaroja.com.mx\/?p=26030","title":{"rendered":"Demanda diputada Magaly L\u00f3pez seguridad y justicia para Paso de la Reyna"},"content":{"rendered":"\n<p>Redacci\u00f3n\/Zona Roja.<\/p>\n\n\n\n<p>Oaxaca de Ju\u00e1rez, Oax., 15 de abril del 2021- La presidenta de la Comisi\u00f3n de Derechos Humanos del Congreso de Oaxaca, Magaly L\u00f3pez Dom\u00ednguez, demand\u00f3 garantizar la seguridad y la justicia para las y los defensores comunitarios de derechos humanos de Paso de la Reyna, comunidad de Santiago Jamiltepec, donde fueron asesinados cinco activistas entre enero y marzo.<\/p>\n\n\n\n<p>En la sesi\u00f3n ordinaria de este mi\u00e9rcoles, la legisladora del Movimiento Regeneraci\u00f3n Nacional (Morena), mediante un Punto de Acuerdo, propuso al Congreso hacer un exhorto al fiscal General del Estado a realizar de inmediato las investigaciones que lleven a la captura de los responsables materiales e intelectuales de los asesinatos de defensores de derechos humanos en la localidad.<\/p>\n\n\n\n<p>Tambi\u00e9n plante\u00f3 solicitar al gobernador Alejandro Murat Hinojosa que instruya lo necesario para garantizar, de manera urgente, la integridad y la vida de las defensoras y los defensores comunitarios de derechos humanos, integrantes del Consejo de Pueblos Unidos por la Defensa del R\u00edo Verde (Copudever).<\/p>\n\n\n\n<p>Advirti\u00f3 que a\u00fan ahora hay tensi\u00f3n en la comunidad, y temor por el riesgo de un nuevo ataque violento por parte de grupos caciquiles que se sienten amenazados por el trabajo de defensa de los derechos humanos realizada por las y los activistas comunitarios.<\/p>\n\n\n\n<p>L\u00f3pez Dom\u00ednguez destac\u00f3 la necesidad de que las investigaciones ministeriales que realice la Fiscal\u00eda agoten la hip\u00f3tesis de que el m\u00f3vil de los cr\u00edmenes su trabajo por la defensa de la tierra, el territorio y sus recursos hayan sido el m\u00f3vil de los cr\u00edmenes.<\/p>\n\n\n\n<p>Indic\u00f3 que desde 2007, habitantes de diversas comunidades de la Costa oaxaque\u00f1a se organizaron para proteger el territorio y sus recursos frente a la pol\u00edtica de despojo de las empresas transnacionales, aliadas con los gobiernos neoliberales.<\/p>\n\n\n\n<figure class=\"wp-block-embed-twitter wp-block-embed is-type-rich is-provider-twitter\"><div class=\"wp-block-embed__wrapper\">\n<div class=\"twitter-tweet\"><blockquote class=\"twitter-tweet\" data-lang=\"es\"><p lang=\"es\" dir=\"ltr\">En la \u00faltima sesi\u00f3n del primer periodo ordinario de este a\u00f1o del <a href=\"https:\/\/twitter.com\/CongresoOaxLXIV?ref_src=twsrc%5Etfw\">@CongresoOaxLXIV<\/a>, la diputada por Morena, <a href=\"https:\/\/twitter.com\/Magaly_LopezOax?ref_src=twsrc%5Etfw\">@Magaly_LopezOax<\/a>, conden\u00f3 la ola de violencia en Paso de la Reyna, Jamiltepec. <br>Exigi\u00f3 seguridad para la comunidad y justicia por los cinco asesinados este a\u00f1o. <a href=\"https:\/\/t.co\/mXd6Kqkb7O\">pic.twitter.com\/mXd6Kqkb7O<\/a><\/p>&mdash; Zona Roja Oaxaca (@Zona_Roja_Oax) <a href=\"https:\/\/twitter.com\/Zona_Roja_Oax\/status\/1382853084343193603?ref_src=twsrc%5Etfw\">16 de abril de 2021<\/a><\/blockquote><\/div>\n<\/div><\/figure>\n\n\n\n<p>Expuso que la labor de las y los defensores comunitarios ha derivado en una situaci\u00f3n tr\u00e1gica, en la que en un per\u00edodo de tres meses fuera asesinado a balazos el uno por ciento de la poblaci\u00f3n, de apenas 500 habitantes. Todas las v\u00edctimas relacionadas con la defensa del r\u00edo \u201cVerde\u201d.<\/p>\n\n\n\n<p>Las v\u00edctimas fueron Fidel Heras Cruz, presidente del Comisariado Ejidal de Paso de la Reina, asesinado el pasado 23 de enero; Raymundo Robles Ria\u00f1o, No\u00e9 Robles Cruz y Gerardo Mendoza Reyes, el 14 y 15 de marzo, y Jaime Jim\u00e9nez Ruiz, otro de los l\u00edderes del movimiento por la defensa del r\u00edo \u201cVerde\u201d, asesinado d\u00edas despu\u00e9s, el 28 de marzo.<\/p>\n\n\n\n<p>La congresista Magaly L\u00f3pez Dom\u00ednguez, quien tambi\u00e9n forma parte de la Comisi\u00f3n de Administraci\u00f3n y Procuraci\u00f3n de Justicia, extern\u00f3 ante las y los diputados locales que la lucha de estas comunidades no es por un tramo de r\u00edo, ni por la propiedad de unas piedras, la lucha es por la supervivencia comunitaria y por la vida.<\/p>\n\n\n\n<p>La proposici\u00f3n con punto de acuerdo, presentada por la legisladora se turn\u00f3 para su an\u00e1lisis y dictaminaci\u00f3n, a la Comisi\u00f3n Permanente de Administraci\u00f3n y Procuraci\u00f3n de Justicia del Congreso local.<\/p>\n","protected":false},"excerpt":{"rendered":"<p>Redacci\u00f3n\/Zona Roja. Oaxaca de Ju\u00e1rez, Oax., 15 de abril del 2021- La presidenta de la&hellip;<\/p>\n","protected":false},"author":2,"featured_media":26031,"comment_status":"closed","ping_status":"open","sticky":false,"template":"","format":"standard","meta":{"_lmt_disableupdate":"","_lmt_disable":"","_jetpack_memberships_contains_paid_content":false,"footnotes":""},"categories":[109,46],"tags":[192],"class_list":["post-26030","post","type-post","status-publish","format-standard","has-post-thumbnail","hentry","category-minuto-a-minuto","category-zona-blanca","tag-diputada-magaly-lopez-dominguez"],"jetpack_featured_media_url":"https:\/\/zonaroja.com.mx\/wp-content\/uploads\/2021\/04\/Magaly-Lopez-Oaxaca.jpg","jetpack_sharing_enabled":true,"_links":{"self":[{"href":"https:\/\/zonaroja.com.mx\/index.php?rest_route=\/wp\/v2\/posts\/26030","targetHints":{"allow":["GET"]}}],"collection":[{"href":"https:\/\/zonaroja.com.mx\/index.php?rest_route=\/wp\/v2\/posts"}],"about":[{"href":"https:\/\/zonaroja.com.mx\/index.php?rest_route=\/wp\/v2\/types\/post"}],"author":[{"embeddable":true,"href":"https:\/\/zonaroja.com.mx\/index.php?rest_route=\/wp\/v2\/users\/2"}],"replies":[{"embeddable":true,"href":"https:\/\/zonaroja.com.mx\/index.php?rest_route=%2Fwp%2Fv2%2Fcomments&post=26030"}],"version-history":[{"count":1,"href":"https:\/\/zonaroja.com.mx\/index.php?rest_route=\/wp\/v2\/posts\/26030\/revisions"}],"predecessor-version":[{"id":26032,"href":"https:\/\/zonaroja.com.mx\/index.php?rest_route=\/wp\/v2\/posts\/26030\/revisions\/26032"}],"wp:featuredmedia":[{"embeddable":true,"href":"https:\/\/zonaroja.com.mx\/index.php?rest_route=\/wp\/v2\/media\/26031"}],"wp:attachment":[{"href":"https:\/\/zonaroja.com.mx\/index.php?rest_route=%2Fwp%2Fv2%2Fmedia&parent=26030"}],"wp:term":[{"taxonomy":"category","embeddable":true,"href":"https:\/\/zonaroja.com.mx\/index.php?rest_route=%2Fwp%2Fv2%2Fcategories&post=26030"},{"taxonomy":"post_tag","embeddable":true,"href":"https:\/\/zonaroja.com.mx\/index.php?rest_route=%2Fwp%2Fv2%2Ftags&post=26030"}],"curies":[{"name":"wp","href":"https:\/\/api.w.org\/{rel}","templated":true}]}}