{"id":26039,"date":"2021-04-15T22:08:31","date_gmt":"2021-04-16T03:08:31","guid":{"rendered":"http:\/\/www.zonaroja.com.mx\/?p=26039"},"modified":"2021-04-15T22:08:33","modified_gmt":"2021-04-16T03:08:33","slug":"otro-dia-fatal-para-oaxaca-inoperante-la-segego-frente-a-bloqueos-y-vandalismo","status":"publish","type":"post","link":"https:\/\/zonaroja.com.mx\/?p=26039","title":{"rendered":"Otro d\u00eda fatal para Oaxaca; inoperante la Segego frente a bloqueos y vandalismo"},"content":{"rendered":"\n<p>Yuridiana Sosa\/Zona Roja.<\/p>\n\n\n\n<p>Oaxaca de Ju\u00e1rez, Oax., 15 de abril de 2021.- Las manifestaciones que causan afectaciones a la ciudadan\u00eda en Oaxaca, crecen y se multiplican a la vista pasiva de la Secretar\u00eda General de Gobierno (Segego); los bloqueos en el Istmo y Valles Centrales se enra\u00edzan.<\/p>\n\n\n\n<p>Por segundo d\u00eda consecutivo, integrantes del Movimiento de Unificaci\u00f3n y Lucha Triqui Independiente (MULTI) y habitantes del municipio de San Juan Mazatl\u00e1n Mixe cerraron vialidades, cada uno con sus demandas, federales y estatales.<\/p>\n\n\n\n<p>INCUMPLEN CON AGENCIAS<\/p>\n\n\n\n<p>Pobladores de distintas agencias del municipio de San Juan Mazatl\u00e1n Mixe, mantienen un bloqueo en la carretera Trans\u00edstmica para exigir a la Secretar\u00eda General de Gobierno cumpla con los acuerdos para la entrega de los recursos del ramo 28 y 33.<\/p>\n\n\n\n<p>El cierre a la circulaci\u00f3n se mantiene desde ayer mi\u00e9rcoles sobre el punto de Boca del Monte en San Juan Guachicovi, lo que tambi\u00e9n afecta el paso para el estado de Veracruz.<\/p>\n\n\n\n<p>En febrero los habitantes de este municipio exigieron estos recursos, primero los correspondientes al a\u00f1o 2020 y una vez obtenida respuesta a esta solicitud demandaron los de este a\u00f1o, los cuales quedaron pendientes.<\/p>\n\n\n\n<p>SIN ATENCI\u00d3N<\/p>\n\n\n\n<p>En tanto, ante la falta de respuestas por parte del gobierno federal y estatal para garantizar el retorno seguro a sus comunidades, ind\u00edgenas triquis adheridos al MULTI instalaron una vez m\u00e1s un bloqueo en la agencia de Hacienda Blanca, en la zona conurbada a la capital.<\/p>\n\n\n\n<p>Lo mismo hicieron por en\u00e9sima ocasi\u00f3n en la Ciudad de M\u00e9xico, pese a los ruegos de empresarios que les ped\u00edan no afectarlos.<\/p>\n\n\n\n<p>En la entidad, el grupo reducido de manifestantes coloc\u00f3 cuerdas, piedras y casas de campa\u00f1a para impedir la circulaci\u00f3n sobre la carretera federal 190, que conduce a la autopista Oaxaca-M\u00e9xico, lo que caus\u00f3 una grave afectaci\u00f3n para el transporte de carga.<\/p>\n\n\n\n<p>Por el cierre vial y las complicaciones en el tr\u00e1nsito vehicular, se registr\u00f3 un accidente, que dej\u00f3 un joven lesionado, atropellado por un taxi colectivo.<\/p>\n\n\n\n<p>Mientras que los normalistas continuaron con protestas violentas con total libertad en la capital del estado.<\/p>\n","protected":false},"excerpt":{"rendered":"<p>Yuridiana Sosa\/Zona Roja. Oaxaca de Ju\u00e1rez, Oax., 15 de abril de 2021.- Las manifestaciones que&hellip;<\/p>\n","protected":false},"author":2,"featured_media":26040,"comment_status":"closed","ping_status":"open","sticky":false,"template":"","format":"standard","meta":{"_lmt_disableupdate":"","_lmt_disable":"","_jetpack_memberships_contains_paid_content":false,"footnotes":""},"categories":[109,47],"tags":[2121],"class_list":["post-26039","post","type-post","status-publish","format-standard","has-post-thumbnail","hentry","category-minuto-a-minuto","category-zona-gris","tag-secretaria-general-de-gobierno-segego"],"jetpack_featured_media_url":"https:\/\/zonaroja.com.mx\/wp-content\/uploads\/2021\/04\/Protesta-Istmo.jpg","jetpack_sharing_enabled":true,"_links":{"self":[{"href":"https:\/\/zonaroja.com.mx\/index.php?rest_route=\/wp\/v2\/posts\/26039","targetHints":{"allow":["GET"]}}],"collection":[{"href":"https:\/\/zonaroja.com.mx\/index.php?rest_route=\/wp\/v2\/posts"}],"about":[{"href":"https:\/\/zonaroja.com.mx\/index.php?rest_route=\/wp\/v2\/types\/post"}],"author":[{"embeddable":true,"href":"https:\/\/zonaroja.com.mx\/index.php?rest_route=\/wp\/v2\/users\/2"}],"replies":[{"embeddable":true,"href":"https:\/\/zonaroja.com.mx\/index.php?rest_route=%2Fwp%2Fv2%2Fcomments&post=26039"}],"version-history":[{"count":1,"href":"https:\/\/zonaroja.com.mx\/index.php?rest_route=\/wp\/v2\/posts\/26039\/revisions"}],"predecessor-version":[{"id":26041,"href":"https:\/\/zonaroja.com.mx\/index.php?rest_route=\/wp\/v2\/posts\/26039\/revisions\/26041"}],"wp:featuredmedia":[{"embeddable":true,"href":"https:\/\/zonaroja.com.mx\/index.php?rest_route=\/wp\/v2\/media\/26040"}],"wp:attachment":[{"href":"https:\/\/zonaroja.com.mx\/index.php?rest_route=%2Fwp%2Fv2%2Fmedia&parent=26039"}],"wp:term":[{"taxonomy":"category","embeddable":true,"href":"https:\/\/zonaroja.com.mx\/index.php?rest_route=%2Fwp%2Fv2%2Fcategories&post=26039"},{"taxonomy":"post_tag","embeddable":true,"href":"https:\/\/zonaroja.com.mx\/index.php?rest_route=%2Fwp%2Fv2%2Ftags&post=26039"}],"curies":[{"name":"wp","href":"https:\/\/api.w.org\/{rel}","templated":true}]}}