{"id":26042,"date":"2021-04-15T22:13:32","date_gmt":"2021-04-16T03:13:32","guid":{"rendered":"http:\/\/www.zonaroja.com.mx\/?p=26042"},"modified":"2021-04-15T22:13:38","modified_gmt":"2021-04-16T03:13:38","slug":"soy-maestra-pero-no-soy-como-ustedes-zanganos-gritan-a-normalistas","status":"publish","type":"post","link":"https:\/\/zonaroja.com.mx\/?p=26042","title":{"rendered":"\u201c\u00a1Soy maestra pero no soy como ustedes, z\u00e1nganos!\u201d, gritan a normalistas"},"content":{"rendered":"\n<p>Yuridiana Sosa\/Zona Roja.<\/p>\n\n\n\n<p>Oaxaca de Ju\u00e1rez, Oax., 15 de abril de 2021.- En su cuarto d\u00eda de protesta de forma consecutiva esta semana, los estudiantes normalistas incendiaron el acceso del edificio de la Secci\u00f3n 22 del SNTE en el Centro Hist\u00f3rico de Oaxaca; tomaron camiones y continuaron con vandalismo en edificios p\u00fablicos.<\/p>\n\n\n\n<p>Sus actos violentos han rebasado la paciencia de la ciudadan\u00eda, que sufre parte de las consecuencias de sus movilizaciones con la \u201ctoma\u201d de unidades del transporte p\u00fablico.<\/p>\n\n\n\n<p>Maestras oaxaque\u00f1as encararon y reclamaron a los estudiantes ante sus acciones violentas cuando fueron desalojadas del urbano donde se trasladaban; mismo que fue retenido por los normalistas.<\/p>\n\n\n\n<p>\u201c\u00a1P\u00f3nganse a estudiar\u201d\u201d, dice con enojo una docente que graba el video que posteriormente circul\u00f3 en redes sociales.<\/p>\n\n\n\n<p>La mujer reafirma su inconformidad por los actos vand\u00e1licos de los futuros docentes de Oaxaca. \u201cSoy maestra, pero no soy como ustedes, par de z\u00e1nganos\u201d, responde ante las supuestas justificaciones que ofrecen los normalistas para realizar ese tipo de protestas.<\/p>\n\n\n\n<p>Pero ella no es la \u00fanica enojada, otra maestra tambi\u00e9n trata que entren en raz\u00f3n los estudiantes y hasta propone que \u201cVayan a ver al gobernador y vayan a hacerle su desmadre a ellos\u201d.<\/p>\n\n\n\n<p>\u201cYo soy maestra y le estoy poniendo internet a mis alumnos para que tomen las clases\u201d, agreg\u00f3 para poner el ejemplo de lo que es ser un docente y las circunstancias adversas que atraviesan en la pandemia.<\/p>\n\n\n\n<figure class=\"wp-block-embed-twitter wp-block-embed is-type-rich is-provider-twitter\"><div class=\"wp-block-embed__wrapper\">\n<div class=\"twitter-tweet\"><blockquote class=\"twitter-tweet\" data-lang=\"es\"><p lang=\"es\" dir=\"ltr\"><a href=\"https:\/\/twitter.com\/hashtag\/%C3%9AltimoMinuto?src=hash&amp;ref_src=twsrc%5Etfw\">#\u00daltimoMinuto<\/a><br>Normalistas ahora atacan edificio de Secci\u00f3n 22 del SNTE en la ciudad de Oaxaca; despu\u00e9s acudieron a Pagadur\u00eda del IEEPO a vandalizar; buscan generar condiciones para ser reprimidos por la polic\u00eda; son presuntamente azuzados por el vocero sindical Wilbert Santiago. <a href=\"https:\/\/t.co\/otBrE2DmAA\">pic.twitter.com\/otBrE2DmAA<\/a><\/p>&mdash; Zona Roja Oaxaca (@Zona_Roja_Oax) <a href=\"https:\/\/twitter.com\/Zona_Roja_Oax\/status\/1382797663423193092?ref_src=twsrc%5Etfw\">15 de abril de 2021<\/a><\/blockquote><\/div>\n<\/div><\/figure>\n\n\n\n<p>LA PROVOCACI\u00d3N<\/p>\n\n\n\n<p>Los estudiantes, identificados como integrantes de la Coordinadora Estudiantil Normalista del Estado de Oaxaca (CENEO), retiraron con violencia la puerta del edificio hist\u00f3rico que alberga oficinas de la Secci\u00f3n 22 del SNTE para despu\u00e9s incendiarla frente al acceso principal.<\/p>\n\n\n\n<p>Entre consignas, cubiertos del rostro y a\u00fan con actitudes violentas contra los medios de comunicaci\u00f3n, los normalistas tambi\u00e9n quemaron llantas frente al inmueble, para despu\u00e9s retirarse con destino a las oficinas de Pagadur\u00edas del Instituto Estatal de Educaci\u00f3n P\u00fablica de Oaxaca (IEEPO), en San Felipe del Agua, al norte de la ciudad.<\/p>\n\n\n\n<p>Presuntamente, los j\u00f3venes son azuzados por el vocero sindical de la Secci\u00f3n 22, Wilbert Santiago, con la intenci\u00f3n de generar las condiciones para la intervenci\u00f3n de las polic\u00edas, que hasta el momento se han mantenido al margen, desde las municipales, Polic\u00eda Estatal y la Guardia Nacional.<\/p>\n\n\n\n<p>Pues las demandas que reclaman los estudiantes han quedado sin sustento ante una serie de comunicados y explicaciones que han otorgado el IEEPO y la Secretar\u00eda de Educaci\u00f3n P\u00fablica.<\/p>\n\n\n\n<p>Desde el lunes pasado comenzaron con saqueos en inmuebles del IEEPO y retenci\u00f3n de unidades repartidoras de distintas empresas trasnacionales, a las que tambi\u00e9n roban los productos.<\/p>\n","protected":false},"excerpt":{"rendered":"<p>Yuridiana Sosa\/Zona Roja. Oaxaca de Ju\u00e1rez, Oax., 15 de abril de 2021.- En su cuarto&hellip;<\/p>\n","protected":false},"author":2,"featured_media":26043,"comment_status":"closed","ping_status":"open","sticky":false,"template":"","format":"standard","meta":{"_lmt_disableupdate":"","_lmt_disable":"","_jetpack_memberships_contains_paid_content":false,"footnotes":""},"categories":[109,47],"tags":[1926],"class_list":["post-26042","post","type-post","status-publish","format-standard","has-post-thumbnail","hentry","category-minuto-a-minuto","category-zona-gris","tag-coordinadora-estudiantil-normalista-del-estado-de-oaxaca-ceneo"],"jetpack_featured_media_url":"https:\/\/zonaroja.com.mx\/wp-content\/uploads\/2021\/04\/Protesta-normalistas-edificio-Seccion-22.jpg","jetpack_sharing_enabled":true,"_links":{"self":[{"href":"https:\/\/zonaroja.com.mx\/index.php?rest_route=\/wp\/v2\/posts\/26042","targetHints":{"allow":["GET"]}}],"collection":[{"href":"https:\/\/zonaroja.com.mx\/index.php?rest_route=\/wp\/v2\/posts"}],"about":[{"href":"https:\/\/zonaroja.com.mx\/index.php?rest_route=\/wp\/v2\/types\/post"}],"author":[{"embeddable":true,"href":"https:\/\/zonaroja.com.mx\/index.php?rest_route=\/wp\/v2\/users\/2"}],"replies":[{"embeddable":true,"href":"https:\/\/zonaroja.com.mx\/index.php?rest_route=%2Fwp%2Fv2%2Fcomments&post=26042"}],"version-history":[{"count":1,"href":"https:\/\/zonaroja.com.mx\/index.php?rest_route=\/wp\/v2\/posts\/26042\/revisions"}],"predecessor-version":[{"id":26044,"href":"https:\/\/zonaroja.com.mx\/index.php?rest_route=\/wp\/v2\/posts\/26042\/revisions\/26044"}],"wp:featuredmedia":[{"embeddable":true,"href":"https:\/\/zonaroja.com.mx\/index.php?rest_route=\/wp\/v2\/media\/26043"}],"wp:attachment":[{"href":"https:\/\/zonaroja.com.mx\/index.php?rest_route=%2Fwp%2Fv2%2Fmedia&parent=26042"}],"wp:term":[{"taxonomy":"category","embeddable":true,"href":"https:\/\/zonaroja.com.mx\/index.php?rest_route=%2Fwp%2Fv2%2Fcategories&post=26042"},{"taxonomy":"post_tag","embeddable":true,"href":"https:\/\/zonaroja.com.mx\/index.php?rest_route=%2Fwp%2Fv2%2Ftags&post=26042"}],"curies":[{"name":"wp","href":"https:\/\/api.w.org\/{rel}","templated":true}]}}