{"id":26055,"date":"2021-04-16T07:59:59","date_gmt":"2021-04-16T12:59:59","guid":{"rendered":"http:\/\/www.zonaroja.com.mx\/?p=26055"},"modified":"2021-04-16T08:00:01","modified_gmt":"2021-04-16T13:00:01","slug":"con-madruguete-y-trampa-de-senador-oaxaqueno-senado-viola-constitucion","status":"publish","type":"post","link":"https:\/\/zonaroja.com.mx\/?p=26055","title":{"rendered":"Con madruguete y trampa de senador oaxaque\u00f1o\u2026 Senado viola Constituci\u00f3n"},"content":{"rendered":"\n<p>Redacci\u00f3n\/Zona Roja Cdmx.<\/p>\n\n\n\n<p>Ciudad de M\u00e9xico, 16 de abril de 2021.- Con una propuesta &#8211;calificada como tramposa&#8211; del senador oaxaque\u00f1o Ra\u00fal Bola\u00f1os Cacho Cu\u00e9, del PVEM, el Senado de la Rep\u00fablica viol\u00f3 la Constituci\u00f3n mexicana, al prolongar el mandato del presidente de la Suprema Corte de Justicia de la Naci\u00f3n y otros ministros.<\/p>\n\n\n\n<p>As\u00ed, el Senado aprob\u00f3 prolongar hasta el 30 de noviembre de 2024 el encargo del presidente de la SCJN, Arturo Zald\u00edvar, y hasta 2026 el periodo de los integrantes del Consejo de la Judicatura Federal (CJF).<\/p>\n\n\n\n<p>El pleno del Senado discut\u00eda la reforma a Ley Org\u00e1nica del Poder Judicial en la que se introdujo un transitorio aprobado por la mayor\u00eda de Morena junto con sus aliados, as\u00ed como algunos legisladores de la oposici\u00f3n.<\/p>\n\n\n\n<p>La propuesta fue presentada por Ra\u00fal Bola\u00f1os, vicecoordinador del Partido Verde, y aprobada con 80 votos a favor, 25 en contra y cuatro abstenciones, lo que har\u00e1 posible que el ministro presidente, Arturo Zald\u00edvar, ampl\u00ede su periodo por dos a\u00f1os, pues iba a concluir su mandato en diciembre de 2022.<\/p>\n\n\n\n<p>Despu\u00e9s de la aprobaci\u00f3n en el Senado, el CJF, encabezado por Zald\u00edvar, emiti\u00f3 un comunicado en el que aclar\u00f3 que la reforma no fue solicitada por el Poder Judicial.<\/p>\n\n\n\n<p>\u201cEl art\u00edculo d\u00e9cimo tercero transitorio dado a conocer hoy (ayer) no fue elaborado por el equipo redactor ni tampoco fue solicitado por el Poder Judicial federal\u201d, indic\u00f3.<\/p>\n\n\n\n<p>En su postura oficial el Consejo hizo notar que la \u00fanica prioridad del Poder Judicial es la reforma que consolide su autonom\u00eda e independencia.<\/p>\n\n\n\n<p>Toda vez que el procedimiento legislativo sigue su curso y dicho transitorio podr\u00e1 ser eventualmente modificado por la colegisladora, el CJF puntualiz\u00f3 que estar\u00e1 a la espera de lo que \u00e9sta determine para, en su caso, manifestarse al respecto.<\/p>\n\n\n\n<p>S\u00f3lo despu\u00e9s que fue avalado dicho transitorio, senadores de partidos opositores a Morena lanzaron recriminaciones acerca de la violaci\u00f3n a la Constituci\u00f3n General de la Rep\u00fablica.<\/p>\n\n\n\n<p>La propuesta aprobada fue turnada a la C\u00e1mara de Diputados federal, que determinar\u00e1 si la ratifica o la rechaza.<\/p>\n\n\n\n<p>(Con informaci\u00f3n de \u201cMilenio Diario\u201d)<\/p>\n","protected":false},"excerpt":{"rendered":"<p>Redacci\u00f3n\/Zona Roja Cdmx. Ciudad de M\u00e9xico, 16 de abril de 2021.- Con una propuesta &#8211;calificada&hellip;<\/p>\n","protected":false},"author":2,"featured_media":26056,"comment_status":"closed","ping_status":"open","sticky":false,"template":"","format":"standard","meta":{"_lmt_disableupdate":"","_lmt_disable":"","_jetpack_memberships_contains_paid_content":false,"footnotes":""},"categories":[109,47],"tags":[811],"class_list":["post-26055","post","type-post","status-publish","format-standard","has-post-thumbnail","hentry","category-minuto-a-minuto","category-zona-gris","tag-suprema-corte-de-justicia-de-la-nacion"],"jetpack_featured_media_url":"https:\/\/zonaroja.com.mx\/wp-content\/uploads\/2021\/04\/Senado-caso-Zaldivar.png","jetpack_sharing_enabled":true,"_links":{"self":[{"href":"https:\/\/zonaroja.com.mx\/index.php?rest_route=\/wp\/v2\/posts\/26055","targetHints":{"allow":["GET"]}}],"collection":[{"href":"https:\/\/zonaroja.com.mx\/index.php?rest_route=\/wp\/v2\/posts"}],"about":[{"href":"https:\/\/zonaroja.com.mx\/index.php?rest_route=\/wp\/v2\/types\/post"}],"author":[{"embeddable":true,"href":"https:\/\/zonaroja.com.mx\/index.php?rest_route=\/wp\/v2\/users\/2"}],"replies":[{"embeddable":true,"href":"https:\/\/zonaroja.com.mx\/index.php?rest_route=%2Fwp%2Fv2%2Fcomments&post=26055"}],"version-history":[{"count":1,"href":"https:\/\/zonaroja.com.mx\/index.php?rest_route=\/wp\/v2\/posts\/26055\/revisions"}],"predecessor-version":[{"id":26057,"href":"https:\/\/zonaroja.com.mx\/index.php?rest_route=\/wp\/v2\/posts\/26055\/revisions\/26057"}],"wp:featuredmedia":[{"embeddable":true,"href":"https:\/\/zonaroja.com.mx\/index.php?rest_route=\/wp\/v2\/media\/26056"}],"wp:attachment":[{"href":"https:\/\/zonaroja.com.mx\/index.php?rest_route=%2Fwp%2Fv2%2Fmedia&parent=26055"}],"wp:term":[{"taxonomy":"category","embeddable":true,"href":"https:\/\/zonaroja.com.mx\/index.php?rest_route=%2Fwp%2Fv2%2Fcategories&post=26055"},{"taxonomy":"post_tag","embeddable":true,"href":"https:\/\/zonaroja.com.mx\/index.php?rest_route=%2Fwp%2Fv2%2Ftags&post=26055"}],"curies":[{"name":"wp","href":"https:\/\/api.w.org\/{rel}","templated":true}]}}