{"id":2606,"date":"2019-07-29T09:01:51","date_gmt":"2019-07-29T14:01:51","guid":{"rendered":"http:\/\/www.zonaroja.com.mx\/?p=2606"},"modified":"2019-07-29T09:01:55","modified_gmt":"2019-07-29T14:01:55","slug":"una-adolescente-entre-los-siete-masacrados-en-santo-domingo-petapa","status":"publish","type":"post","link":"https:\/\/zonaroja.com.mx\/?p=2606","title":{"rendered":"Una adolescente, entre los siete masacrados en Santo Domingo Petapa"},"content":{"rendered":"\n<p>Redacci\u00f3n<\/p>\n\n\n\n<p>Oaxaca de Ju\u00e1rez, Oax., 29 de julio de\n2019.- Una adolescente de 17 a\u00f1os de edad se encuentra entre las siete v\u00edctimas\nmasacradas ayer en Santo Domingo Petapa, regi\u00f3n del Istmo de Tehuantepec,\nOaxaca. <\/p>\n\n\n\n<p>Ayer por la tarde y noche, los\nfamiliares comenzaron a identificar a las personas asesinadas por disparos de\narmas de fuego, presuntamente calibre nueve y 45 mil\u00edmetros, en c\u00e9ntricas\ncalles de dicho municipio.<\/p>\n\n\n\n<p>Entre ellos se encuentran Oliver Aldino\nFrancisco, Crhistian Dese\u00f1a, Jorge Bielva Rueda, Ang\u00e9lica G. E., de 17 a\u00f1os;\nJes\u00fas Navarro Mart\u00ednez y Jhonan M. <\/p>\n\n\n\n<p>La mayor\u00eda son originarios de Petapa y\na\u00fan se ignora las razones del ataque armado, que ocurri\u00f3 en los \u00faltimos minutos\ndel d\u00eda s\u00e1bado y los primeros minutos del domingo 28 de julio.<\/p>\n\n\n\n<p>En un comunicado, la Fiscal\u00eda General\ndel Estado de Oaxaca inform\u00f3 que investiga los hechos \u201cocurridos la madrugada\nde este 28 de julio, donde se report\u00f3 el multihomicidio de siete personas \u2013seis\nhombres y una mujer&#8211; como consecuencia de un ataque perpetrado con armas de\nfuego.<\/p>\n\n\n\n<p>\u201cDe acuerdo con los primeros reportes\npoliciales, alrededor de la 01:00 hora de este domingo, se reportaron disparos\nde armas de fuego cerca del palacio municipal de Santo Domingo Petapa, donde\nfueron hallados los cuerpos sin vida de seis hombres y una mujer.<\/p>\n\n\n\n<p>\u201cPor estos hechos, la Fiscal\u00eda General,\na trav\u00e9s de la Vicefiscal\u00eda Regional del Istmo, inici\u00f3 las diligencias\nrespectivas a trav\u00e9s de su personal del Ministerio P\u00fablico, Agentes Estatales\nde Investigaci\u00f3n y Peritos, quienes en estrecha colaboraci\u00f3n con autoridades\npoliciales, trabajan para aclarar con prontitud estos hechos y fijar las\nresponsabilidades penales que correspondan.<\/p>\n\n\n\n<p>\u201cPara ello se inici\u00f3 la carpeta de\ninvestigaci\u00f3n 5592\/FIST\/MATIAS\/2019 por delito de homicidio calificado en\ncontra de quien o quienes resulten responsables\u201d, indic\u00f3 en su bolet\u00edn.<\/p>\n","protected":false},"excerpt":{"rendered":"<p>Redacci\u00f3n Oaxaca de Ju\u00e1rez, Oax., 29 de julio de 2019.- Una adolescente de 17 a\u00f1os&hellip;<\/p>\n","protected":false},"author":2,"featured_media":2607,"comment_status":"closed","ping_status":"open","sticky":false,"template":"","format":"standard","meta":{"_lmt_disableupdate":"","_lmt_disable":"","_jetpack_memberships_contains_paid_content":false,"footnotes":""},"categories":[109,51],"tags":[],"class_list":["post-2606","post","type-post","status-publish","format-standard","has-post-thumbnail","hentry","category-minuto-a-minuto","category-zona-roja"],"jetpack_featured_media_url":"https:\/\/zonaroja.com.mx\/wp-content\/uploads\/2019\/07\/6610bcf8-d09b-4750-9372-d88ea090f86f.jpg","jetpack_sharing_enabled":true,"_links":{"self":[{"href":"https:\/\/zonaroja.com.mx\/index.php?rest_route=\/wp\/v2\/posts\/2606","targetHints":{"allow":["GET"]}}],"collection":[{"href":"https:\/\/zonaroja.com.mx\/index.php?rest_route=\/wp\/v2\/posts"}],"about":[{"href":"https:\/\/zonaroja.com.mx\/index.php?rest_route=\/wp\/v2\/types\/post"}],"author":[{"embeddable":true,"href":"https:\/\/zonaroja.com.mx\/index.php?rest_route=\/wp\/v2\/users\/2"}],"replies":[{"embeddable":true,"href":"https:\/\/zonaroja.com.mx\/index.php?rest_route=%2Fwp%2Fv2%2Fcomments&post=2606"}],"version-history":[{"count":1,"href":"https:\/\/zonaroja.com.mx\/index.php?rest_route=\/wp\/v2\/posts\/2606\/revisions"}],"predecessor-version":[{"id":2608,"href":"https:\/\/zonaroja.com.mx\/index.php?rest_route=\/wp\/v2\/posts\/2606\/revisions\/2608"}],"wp:featuredmedia":[{"embeddable":true,"href":"https:\/\/zonaroja.com.mx\/index.php?rest_route=\/wp\/v2\/media\/2607"}],"wp:attachment":[{"href":"https:\/\/zonaroja.com.mx\/index.php?rest_route=%2Fwp%2Fv2%2Fmedia&parent=2606"}],"wp:term":[{"taxonomy":"category","embeddable":true,"href":"https:\/\/zonaroja.com.mx\/index.php?rest_route=%2Fwp%2Fv2%2Fcategories&post=2606"},{"taxonomy":"post_tag","embeddable":true,"href":"https:\/\/zonaroja.com.mx\/index.php?rest_route=%2Fwp%2Fv2%2Ftags&post=2606"}],"curies":[{"name":"wp","href":"https:\/\/api.w.org\/{rel}","templated":true}]}}