{"id":26061,"date":"2021-04-16T08:20:31","date_gmt":"2021-04-16T13:20:31","guid":{"rendered":"http:\/\/www.zonaroja.com.mx\/?p=26061"},"modified":"2021-04-16T08:20:34","modified_gmt":"2021-04-16T13:20:34","slug":"dictan-sentencia-de-80-anos-a-un-secuestrador-en-oaxaca","status":"publish","type":"post","link":"https:\/\/zonaroja.com.mx\/?p=26061","title":{"rendered":"Dictan sentencia de 80 a\u00f1os a un secuestrador en Oaxaca"},"content":{"rendered":"\n<p>Redacci\u00f3n\/Zona Roja.<\/p>\n\n\n\n<p>Oaxaca de Ju\u00e1rez, Oax., 16 de abril de 2021.- El Poder Judicial de Oaxaca dict\u00f3 una sentencia condenatoria de 80 a\u00f1os de prisi\u00f3n contra un individuo acusado de secuestro, en hechos ocurridos hace siete a\u00f1os.<\/p>\n\n\n\n<p>De acuerdo con la Fiscal\u00eda General del Estado de Oaxaca (FGEO) el Tribunal de Enjuiciamiento dict\u00f3 la sentencia de 80 a\u00f1os de prisi\u00f3n contra una persona del sexo masculino identificada como V. M. D. L., responsable del delito de secuestro en agravio de R. V. P., cometido en julio de 2014, en jurisdicci\u00f3n de San Juan Mazatl\u00e1n Mixe.<\/p>\n\n\n\n<p>De acuerdo con la causa penal 247\/2014, el 27 de julio de 2014, aproximadamente entre las 20:30 y 21:00 horas, la v\u00edctima fue secuestrada por el imputado &#8211;en compa\u00f1\u00eda de otras personas&#8211; mientras se encontraba en su negocio, ubicado en la poblaci\u00f3n de General Felipe \u00c1ngeles, perteneciente al referido municipio.<\/p>\n\n\n\n<p>En audiencia celebrada 15 de abril de 2021, el Tribunal de Enjuiciamiento dict\u00f3 sentencia condenatoria contra V. M. D. L., imponi\u00e9ndose la pena de 80 a\u00f1os de prisi\u00f3n, as\u00ed como una multa y reparaci\u00f3n del da\u00f1o por un monto superior a un mill\u00f3n de pesos.<\/p>\n","protected":false},"excerpt":{"rendered":"<p>Redacci\u00f3n\/Zona Roja. Oaxaca de Ju\u00e1rez, Oax., 16 de abril de 2021.- El Poder Judicial de&hellip;<\/p>\n","protected":false},"author":2,"featured_media":7503,"comment_status":"closed","ping_status":"open","sticky":false,"template":"","format":"standard","meta":{"_lmt_disableupdate":"","_lmt_disable":"","_jetpack_memberships_contains_paid_content":false,"footnotes":""},"categories":[109,46],"tags":[494],"class_list":["post-26061","post","type-post","status-publish","format-standard","has-post-thumbnail","hentry","category-minuto-a-minuto","category-zona-blanca","tag-fiscalia-general-del-estado-de-oaxaca"],"jetpack_featured_media_url":"https:\/\/zonaroja.com.mx\/wp-content\/uploads\/2020\/01\/secuestrox.jpg","jetpack_sharing_enabled":true,"_links":{"self":[{"href":"https:\/\/zonaroja.com.mx\/index.php?rest_route=\/wp\/v2\/posts\/26061","targetHints":{"allow":["GET"]}}],"collection":[{"href":"https:\/\/zonaroja.com.mx\/index.php?rest_route=\/wp\/v2\/posts"}],"about":[{"href":"https:\/\/zonaroja.com.mx\/index.php?rest_route=\/wp\/v2\/types\/post"}],"author":[{"embeddable":true,"href":"https:\/\/zonaroja.com.mx\/index.php?rest_route=\/wp\/v2\/users\/2"}],"replies":[{"embeddable":true,"href":"https:\/\/zonaroja.com.mx\/index.php?rest_route=%2Fwp%2Fv2%2Fcomments&post=26061"}],"version-history":[{"count":1,"href":"https:\/\/zonaroja.com.mx\/index.php?rest_route=\/wp\/v2\/posts\/26061\/revisions"}],"predecessor-version":[{"id":26062,"href":"https:\/\/zonaroja.com.mx\/index.php?rest_route=\/wp\/v2\/posts\/26061\/revisions\/26062"}],"wp:featuredmedia":[{"embeddable":true,"href":"https:\/\/zonaroja.com.mx\/index.php?rest_route=\/wp\/v2\/media\/7503"}],"wp:attachment":[{"href":"https:\/\/zonaroja.com.mx\/index.php?rest_route=%2Fwp%2Fv2%2Fmedia&parent=26061"}],"wp:term":[{"taxonomy":"category","embeddable":true,"href":"https:\/\/zonaroja.com.mx\/index.php?rest_route=%2Fwp%2Fv2%2Fcategories&post=26061"},{"taxonomy":"post_tag","embeddable":true,"href":"https:\/\/zonaroja.com.mx\/index.php?rest_route=%2Fwp%2Fv2%2Ftags&post=26061"}],"curies":[{"name":"wp","href":"https:\/\/api.w.org\/{rel}","templated":true}]}}