{"id":26063,"date":"2021-04-16T08:30:35","date_gmt":"2021-04-16T13:30:35","guid":{"rendered":"http:\/\/www.zonaroja.com.mx\/?p=26063"},"modified":"2021-04-16T08:30:38","modified_gmt":"2021-04-16T13:30:38","slug":"pide-congreso-de-oaxaca-a-diputados-federales-aprobar-ley-antichatarra-para-las-escuelas","status":"publish","type":"post","link":"https:\/\/zonaroja.com.mx\/?p=26063","title":{"rendered":"Pide Congreso de Oaxaca a diputados federales aprobar ley \u201cantichatarra\u201d para las escuelas"},"content":{"rendered":"\n<p>Redacci\u00f3n\/Zona Roja<\/p>\n\n\n\n<p>Oaxaca de Ju\u00e1rez, Oax., 16 de abril del 2021.- A propuesta de la diputada Magaly L\u00f3pez Dom\u00ednguez, el Congreso de Oaxaca solicit\u00f3 a la C\u00e1mara de Diputados del Congreso de la Uni\u00f3n aprobar la reforma al art\u00edculo 75 de la Ley General de Educaci\u00f3n, que promueve el consumo de alimentos y bebidas saludables, tanto al interior como al exterior de todas las escuelas de educaci\u00f3n b\u00e1sica del pa\u00eds.<\/p>\n\n\n\n<p>El decreto con dicha reforma fue turnado a la C\u00e1mara de Diputados desde febrero pasado, por el Senado de la Rep\u00fablica, con el objetivo de combatir los entornos que promueven los malos h\u00e1bitos alimenticios y con ellos la obesidad infantiles, lo que se conoce como \u201cambientes obesog\u00e9nicos\u201d.<\/p>\n\n\n\n<p>Al respecto, la legisladora por Morena se\u00f1al\u00f3 que la reforma ser\u00e1 una herramienta muy importante en el combate a la mala alimentaci\u00f3n y la obesidad infantiles, ya que obligar\u00e1 a las autoridades educativas a promover la prohibici\u00f3n de la venta de alimentos con bajo valor nutritivo y alto contenido cal\u00f3rico en las inmediaciones de los planteles escolares.<\/p>\n\n\n\n<p>Igualmente, agreg\u00f3, el decreto busca promover el establecimiento de expendios de alimentos saludables, preferentemente producidos en el barrio, vecindad o regi\u00f3n de cada plantel, lo que adem\u00e1s, consider\u00f3, fortalecer\u00e1 a las econom\u00edas locales.<\/p>\n\n\n\n<p>Explic\u00f3 que, de acuerdo con la Encuesta Nacional de Salud y Nutrici\u00f3n de Medio Camino, realizada por el Instituto Nacional de Salud P\u00fablica, uno de cada tres infantes en M\u00e9xico padece obesidad, y un estudio de 2015 da cuenta de que uno de cada dos menores de nuestro pa\u00eds a partir de 2010, desarrollar\u00e1 diabetes a lo largo de su vida s\u00ed no se toman medidas urgentes de prevenci\u00f3n.<\/p>\n\n\n\n<p>En este sentido, expuso que, seg\u00fan la Organizaci\u00f3n de las Naciones Unidas para la Alimentaci\u00f3n y la Agricultura (FAO por sus siglas en ingl\u00e9s), la obesidad infantil no es s\u00f3lo causada por malos h\u00e1bitos individuales de consumo, sino que es el resultado de un entorno que promueve la obesidad.<\/p>\n\n\n\n<p>La legisladora, impulsora de la \u201cLey Antichatarra\u201d en Oaxaca, detall\u00f3 que en estos momentos \u201cest\u00e1 en manos de la Comisi\u00f3n de Educaci\u00f3n de la C\u00e1mara de Diputados del Congreso de la Uni\u00f3n, hacer que el entorno escolar juegue un papel positivo en la salud de las ni\u00f1as y los ni\u00f1os.<\/p>\n\n\n\n<p>Explic\u00f3 que actualmente, del total de la oferta de productos alimenticios en las escuelas de M\u00e9xico, 51% es de alimentos y bebidas ultraprocesados, en 55% de las escuelas hay incluso publicidad de bebidas azucaradas, y solamente en una de cada nueve escuelas hay acceso a agua potable gratuita a trav\u00e9s de bebederos.<\/p>\n\n\n\n<p>Dijo que esos son algunos resultados de una investigaci\u00f3n realizada en diversas escuelas del pa\u00eds, y que tambi\u00e9n encontr\u00f3 que 63% de la oferta de bebidas consisti\u00f3 en bebidas azucaradas.&nbsp; \u201cUn hallazgo que quisiera destacar de esa investigaci\u00f3n, es que se encontraron entre tres y ocho puestos con alimentos y bebidas ultraprocesados en la periferia de todas las escuelas\u201d, dijo.<\/p>\n\n\n\n<p>Finalmente, la diputada Magaly L\u00f3pez Dom\u00ednguez reiter\u00f3 el llamado a la C\u00e1mara de Diputados del Congreso de la Uni\u00f3n a aprobar en sus t\u00e9rminos el decreto que le envi\u00f3 el Senado, con el fin de establecer las condiciones que permitan un desarrollo \u00f3ptimo de ni\u00f1as, ni\u00f1os y adolescentes en M\u00e9xico.<\/p>\n","protected":false},"excerpt":{"rendered":"<p>Redacci\u00f3n\/Zona Roja Oaxaca de Ju\u00e1rez, Oax., 16 de abril del 2021.- A propuesta de la&hellip;<\/p>\n","protected":false},"author":2,"featured_media":26064,"comment_status":"closed","ping_status":"open","sticky":false,"template":"","format":"standard","meta":{"_lmt_disableupdate":"","_lmt_disable":"","_jetpack_memberships_contains_paid_content":false,"footnotes":""},"categories":[109,46],"tags":[192],"class_list":["post-26063","post","type-post","status-publish","format-standard","has-post-thumbnail","hentry","category-minuto-a-minuto","category-zona-blanca","tag-diputada-magaly-lopez-dominguez"],"jetpack_featured_media_url":"https:\/\/zonaroja.com.mx\/wp-content\/uploads\/2021\/04\/Diputada-Magaly-Lopez-Dominguez.jpg","jetpack_sharing_enabled":true,"_links":{"self":[{"href":"https:\/\/zonaroja.com.mx\/index.php?rest_route=\/wp\/v2\/posts\/26063","targetHints":{"allow":["GET"]}}],"collection":[{"href":"https:\/\/zonaroja.com.mx\/index.php?rest_route=\/wp\/v2\/posts"}],"about":[{"href":"https:\/\/zonaroja.com.mx\/index.php?rest_route=\/wp\/v2\/types\/post"}],"author":[{"embeddable":true,"href":"https:\/\/zonaroja.com.mx\/index.php?rest_route=\/wp\/v2\/users\/2"}],"replies":[{"embeddable":true,"href":"https:\/\/zonaroja.com.mx\/index.php?rest_route=%2Fwp%2Fv2%2Fcomments&post=26063"}],"version-history":[{"count":1,"href":"https:\/\/zonaroja.com.mx\/index.php?rest_route=\/wp\/v2\/posts\/26063\/revisions"}],"predecessor-version":[{"id":26065,"href":"https:\/\/zonaroja.com.mx\/index.php?rest_route=\/wp\/v2\/posts\/26063\/revisions\/26065"}],"wp:featuredmedia":[{"embeddable":true,"href":"https:\/\/zonaroja.com.mx\/index.php?rest_route=\/wp\/v2\/media\/26064"}],"wp:attachment":[{"href":"https:\/\/zonaroja.com.mx\/index.php?rest_route=%2Fwp%2Fv2%2Fmedia&parent=26063"}],"wp:term":[{"taxonomy":"category","embeddable":true,"href":"https:\/\/zonaroja.com.mx\/index.php?rest_route=%2Fwp%2Fv2%2Fcategories&post=26063"},{"taxonomy":"post_tag","embeddable":true,"href":"https:\/\/zonaroja.com.mx\/index.php?rest_route=%2Fwp%2Fv2%2Ftags&post=26063"}],"curies":[{"name":"wp","href":"https:\/\/api.w.org\/{rel}","templated":true}]}}