{"id":26066,"date":"2021-04-16T08:53:19","date_gmt":"2021-04-16T13:53:19","guid":{"rendered":"http:\/\/www.zonaroja.com.mx\/?p=26066"},"modified":"2021-04-16T08:53:22","modified_gmt":"2021-04-16T13:53:22","slug":"edil-y-regidores-de-comunidad-oaxaquena-llevan-dos-dias-encarcelado","status":"publish","type":"post","link":"https:\/\/zonaroja.com.mx\/?p=26066","title":{"rendered":"Edil y regidores de comunidad oaxaque\u00f1a llevan dos d\u00edas encarcelado"},"content":{"rendered":"\n<p>Redacci\u00f3n\/Zona Roja.<\/p>\n\n\n\n<p>Oaxaca de Ju\u00e1rez, Oax., 16 de abril de 2021.- Desde hace dos d\u00edas, integrantes del Cabildo de San Crist\u00f3bal Amatl\u00e1n, Oaxaca, encabezados por el edil Juan Celso S\u00e1ntos, se encuentra encarcelados por la poblaci\u00f3n.<\/p>\n\n\n\n<p>La autoridad denunci\u00f3 que hasta ahora ning\u00fan representante de la Secretar\u00eda General de Gobierno (Segego) ha intervenido para liberarlos, pese a constituir un hecho fuera de la ley.<\/p>\n\n\n\n<p>Los pobladores de esa comunidad de la regi\u00f3n Sierra Sur del Estado los encerraron en la c\u00e1rcel desde el mi\u00e9rcoles por reinstalar a la regidora de Vialidad, Celia Felina Garc\u00eda Hern\u00e1ndez, a quien acusan de desestabilizaci\u00f3n.<\/p>\n\n\n\n<figure class=\"wp-block-embed-twitter wp-block-embed is-type-rich is-provider-twitter\"><div class=\"wp-block-embed__wrapper\">\n<div class=\"twitter-tweet\"><blockquote class=\"twitter-tweet\" data-lang=\"es\"><p lang=\"es\" dir=\"ltr\"><a href=\"https:\/\/twitter.com\/hashtag\/%C3%9AltimoHora?src=hash&amp;ref_src=twsrc%5Etfw\">#\u00daltimoHora<\/a> <br>El presidente municipal de San Crist\u00f3bal Amatl\u00e1n, Oaxaca, Juan Celso Santos, y otros funcionarios, fueron encarcelados desde hace dos d\u00edas por la poblaci\u00f3n, al acusarlos de permitir la reinstalaci\u00f3n de una regidora. La <a href=\"https:\/\/twitter.com\/SEGEGO_GobOax?ref_src=twsrc%5Etfw\">@SEGEGO_GobOax<\/a> no interviene, denuncian. <a href=\"https:\/\/t.co\/eB68i2ij2Q\">pic.twitter.com\/eB68i2ij2Q<\/a><\/p>&mdash; Zona Roja Oaxaca (@Zona_Roja_Oax) <a href=\"https:\/\/twitter.com\/Zona_Roja_Oax\/status\/1383039662206328835?ref_src=twsrc%5Etfw\">16 de abril de 2021<\/a><\/blockquote><\/div>\n<\/div><\/figure>\n\n\n\n<p>Sin embargo, el ayuntamiento ha se\u00f1alado que solamente acataron instrucciones del Tribunal Electoral del Estado de Oaxaca.<\/p>\n\n\n\n<p>La poblaci\u00f3n recrimin\u00f3 adem\u00e1s que se le pretenda para aproximadamente 126 mil pesos a la concejal, como parte de sueldos ca\u00eddos.<\/p>\n\n\n\n<p>Por ello, en la asamblea de anteayer se determin\u00f3 encarcelar al edil as\u00ed como s\u00edndico municipal, Policarpo Santiago Mart\u00ednez; el regidor de Hacienda, Feliciano Hern\u00e1ndez Santiago, y el regidor de Obras, Epufanio Mart\u00ednez.<\/p>\n","protected":false},"excerpt":{"rendered":"<p>Redacci\u00f3n\/Zona Roja. Oaxaca de Ju\u00e1rez, Oax., 16 de abril de 2021.- Desde hace dos d\u00edas,&hellip;<\/p>\n","protected":false},"author":2,"featured_media":26067,"comment_status":"closed","ping_status":"open","sticky":false,"template":"","format":"standard","meta":{"_lmt_disableupdate":"","_lmt_disable":"","_jetpack_memberships_contains_paid_content":false,"footnotes":""},"categories":[109,47],"tags":[2612],"class_list":["post-26066","post","type-post","status-publish","format-standard","has-post-thumbnail","hentry","category-minuto-a-minuto","category-zona-gris","tag-san-cristobal-amatlan"],"jetpack_featured_media_url":"https:\/\/zonaroja.com.mx\/wp-content\/uploads\/2021\/04\/Edil-San-Cristobal-Amatlan-encarcelado.png","jetpack_sharing_enabled":true,"_links":{"self":[{"href":"https:\/\/zonaroja.com.mx\/index.php?rest_route=\/wp\/v2\/posts\/26066","targetHints":{"allow":["GET"]}}],"collection":[{"href":"https:\/\/zonaroja.com.mx\/index.php?rest_route=\/wp\/v2\/posts"}],"about":[{"href":"https:\/\/zonaroja.com.mx\/index.php?rest_route=\/wp\/v2\/types\/post"}],"author":[{"embeddable":true,"href":"https:\/\/zonaroja.com.mx\/index.php?rest_route=\/wp\/v2\/users\/2"}],"replies":[{"embeddable":true,"href":"https:\/\/zonaroja.com.mx\/index.php?rest_route=%2Fwp%2Fv2%2Fcomments&post=26066"}],"version-history":[{"count":1,"href":"https:\/\/zonaroja.com.mx\/index.php?rest_route=\/wp\/v2\/posts\/26066\/revisions"}],"predecessor-version":[{"id":26068,"href":"https:\/\/zonaroja.com.mx\/index.php?rest_route=\/wp\/v2\/posts\/26066\/revisions\/26068"}],"wp:featuredmedia":[{"embeddable":true,"href":"https:\/\/zonaroja.com.mx\/index.php?rest_route=\/wp\/v2\/media\/26067"}],"wp:attachment":[{"href":"https:\/\/zonaroja.com.mx\/index.php?rest_route=%2Fwp%2Fv2%2Fmedia&parent=26066"}],"wp:term":[{"taxonomy":"category","embeddable":true,"href":"https:\/\/zonaroja.com.mx\/index.php?rest_route=%2Fwp%2Fv2%2Fcategories&post=26066"},{"taxonomy":"post_tag","embeddable":true,"href":"https:\/\/zonaroja.com.mx\/index.php?rest_route=%2Fwp%2Fv2%2Ftags&post=26066"}],"curies":[{"name":"wp","href":"https:\/\/api.w.org\/{rel}","templated":true}]}}