{"id":26069,"date":"2021-04-16T09:16:44","date_gmt":"2021-04-16T14:16:44","guid":{"rendered":"http:\/\/www.zonaroja.com.mx\/?p=26069"},"modified":"2021-04-16T09:16:47","modified_gmt":"2021-04-16T14:16:47","slug":"da-la-espalda-seccion-22-a-normalistas-los-acusa-de-vandalos","status":"publish","type":"post","link":"https:\/\/zonaroja.com.mx\/?p=26069","title":{"rendered":"Da la espalda Secci\u00f3n 22 a normalistas; los acusa de v\u00e1ndalos"},"content":{"rendered":"\n<p>Evlin Arag\u00f3n\/Zona Roja.<\/p>\n\n\n\n<p>Oaxaca de Ju\u00e1rez, Oax., 16 de abril de 2021.- La Secretar\u00eda de Trabajos y Conflictos del Personal de Apoyo y Asistencia a la Educaci\u00f3n (PAAE) de la Secci\u00f3n 22, del Sindicato Nacional de Trabajadores de la Educaci\u00f3n (SNTE), calific\u00f3 como actos vand\u00e1licos las recientes acciones realizadas por estudiantes de diferentes normales de Oaxaca y pidi\u00f3 a los j\u00f3venes conducirse con respeto a los principios del movimiento magisterial.&nbsp;&nbsp;<\/p>\n\n\n\n<p>Lo hizo a trav\u00e9s de un comunicado, firmado por la titular del \u00e1rea Oliva Rivera G\u00f3mez, quien refiri\u00f3 que las acciones violentas realizadas por un grupo de normalistas, los d\u00edas 14 y 15 de abril, han afectado directamente al personal administrativo de la gremial en activo, as\u00ed como a docentes jubilados.<\/p>\n\n\n\n<p>Y es que detall\u00f3 que el mi\u00e9rcoles debido a los actos vand\u00e1licos fueron afectados los trabajadores del \u00e1rea de Registros y Controles en los avances de los tr\u00e1mites administrativos de: pago post mortem, hojas de servicio, p\u00f3lizas de seguro institucional, avisos de bajas al ISSSTE, entre otros.<\/p>\n\n\n\n<p>Lo anterior debido a la destrucci\u00f3n de documentos, material y mobiliario realizado en oficina administrativas del Instituto Estatal de Educaci\u00f3n P\u00fablica de Oaxaca (IEEPO), acciones que llevan a cabo desde la semana pasada.<\/p>\n\n\n\n<p>Mientras que este jueves, retuvieron al personal sindicalizado al interior de la Pagadur\u00eda ubicada en la agencia municipal de San Felipe del Agua, y afectaron los tramites de n\u00f3mina de docentes que a\u00fan cobran su quincena por cheque, mujeres pensionadas, constancias de cheques cancelados y cheques vigentes de quincenas atrasada.<\/p>\n\n\n\n<figure class=\"wp-block-image size-large\"><img decoding=\"async\" width=\"816\" height=\"1024\" src=\"http:\/\/www.zonaroja.com.mx\/wp-content\/uploads\/2021\/04\/Oficio-Seccion-22-Pagaduria-816x1024.jpg\" alt=\"\" class=\"wp-image-26071\" srcset=\"https:\/\/zonaroja.com.mx\/wp-content\/uploads\/2021\/04\/Oficio-Seccion-22-Pagaduria-816x1024.jpg 816w, https:\/\/zonaroja.com.mx\/wp-content\/uploads\/2021\/04\/Oficio-Seccion-22-Pagaduria-239x300.jpg 239w, https:\/\/zonaroja.com.mx\/wp-content\/uploads\/2021\/04\/Oficio-Seccion-22-Pagaduria-768x964.jpg 768w, https:\/\/zonaroja.com.mx\/wp-content\/uploads\/2021\/04\/Oficio-Seccion-22-Pagaduria-585x734.jpg 585w, https:\/\/zonaroja.com.mx\/wp-content\/uploads\/2021\/04\/Oficio-Seccion-22-Pagaduria.jpg 1020w\" sizes=\"(max-width: 816px) 100vw, 816px\" \/><\/figure>\n\n\n\n<p>De ah\u00ed que fue necesaria la intervenci\u00f3n de la propia Secretar\u00eda de Trabajos y Conflictos, cuya representante tuvo que hacer presencia en el lugar para que liberaran a sus compa\u00f1eras y compa\u00f1eros, as\u00ed como pudieran sacar algunos veh\u00edculos de su propiedad.&nbsp;<\/p>\n\n\n\n<p>\u201c\u00danicamente dejaron salir a las compa\u00f1eras trabajadora y permanecieron en su interior los compa\u00f1eros varones, liber\u00e1ndolos aproximadamente a las 13:30 horas, precisamos que esta es un \u00e1rea de suma importancia donde se resguardan valores en papel monetario\u201d, refiriere el documento.&nbsp;<\/p>\n\n\n\n<p>Rivera G\u00f3mez deslind\u00f3 al personal administrativo de la Secci\u00f3n 22 de los da\u00f1os materiales causados en las oficinas del IEEPO, as\u00ed como la perdida de documentos ocasionada por la toma de los estudiantes normalistas a quienes llam\u00f3 a respetar los principios del gremio y dejar de lado los actos vand\u00e1licos.&nbsp;<\/p>\n\n\n\n<p>\u201cHacemos un llamado fraterno a los estudiantes normalistas a respetar los principios de este movimiento y las t\u00e1cticas de lucha movilizaci\u00f3n \u2013 negociaci\u00f3n \u2013 movilizaci\u00f3n. (No a los actos vand\u00e1licos)\u201d.<\/p>\n\n\n\n<p>Apenas el martes, 12 de abril, normalistas acorralaron y agredieron a reporteros y camar\u00f3grafos que cubr\u00edan saqueos en el antiguo edifico del IEEPO, ubicado en Carretera Internacional 190, Santa Luc\u00eda del Camino.&nbsp;<\/p>\n\n\n\n<p>Tal y como qued\u00f3 registrado en im\u00e1genes, las y los j\u00f3venes portaban palos, barretas, piedras y martillos; y robaron equipo fotogr\u00e1fico y celular a periodistas que se dieron cita para dar cobertura de los hechos.<\/p>\n\n\n\n<p>En el caso de los destrozos causados ayer en las oficinas de la Pagadur\u00eda, ubicadas en la agencia de San Felipe del Agua, habr\u00edan sustra\u00eddo al menos mil 700 cheques, por un monto aproximado de siete millones de pesos.<\/p>\n","protected":false},"excerpt":{"rendered":"<p>Evlin Arag\u00f3n\/Zona Roja. Oaxaca de Ju\u00e1rez, Oax., 16 de abril de 2021.- La Secretar\u00eda de&hellip;<\/p>\n","protected":false},"author":2,"featured_media":26070,"comment_status":"closed","ping_status":"open","sticky":false,"template":"","format":"standard","meta":{"_lmt_disableupdate":"","_lmt_disable":"","_jetpack_memberships_contains_paid_content":false,"footnotes":""},"categories":[109,47],"tags":[312],"class_list":["post-26069","post","type-post","status-publish","format-standard","has-post-thumbnail","hentry","category-minuto-a-minuto","category-zona-gris","tag-seccion-22-del-snte"],"jetpack_featured_media_url":"https:\/\/zonaroja.com.mx\/wp-content\/uploads\/2021\/04\/Desstrozos-normalistas-Pagaduria.jpg","jetpack_sharing_enabled":true,"_links":{"self":[{"href":"https:\/\/zonaroja.com.mx\/index.php?rest_route=\/wp\/v2\/posts\/26069","targetHints":{"allow":["GET"]}}],"collection":[{"href":"https:\/\/zonaroja.com.mx\/index.php?rest_route=\/wp\/v2\/posts"}],"about":[{"href":"https:\/\/zonaroja.com.mx\/index.php?rest_route=\/wp\/v2\/types\/post"}],"author":[{"embeddable":true,"href":"https:\/\/zonaroja.com.mx\/index.php?rest_route=\/wp\/v2\/users\/2"}],"replies":[{"embeddable":true,"href":"https:\/\/zonaroja.com.mx\/index.php?rest_route=%2Fwp%2Fv2%2Fcomments&post=26069"}],"version-history":[{"count":1,"href":"https:\/\/zonaroja.com.mx\/index.php?rest_route=\/wp\/v2\/posts\/26069\/revisions"}],"predecessor-version":[{"id":26072,"href":"https:\/\/zonaroja.com.mx\/index.php?rest_route=\/wp\/v2\/posts\/26069\/revisions\/26072"}],"wp:featuredmedia":[{"embeddable":true,"href":"https:\/\/zonaroja.com.mx\/index.php?rest_route=\/wp\/v2\/media\/26070"}],"wp:attachment":[{"href":"https:\/\/zonaroja.com.mx\/index.php?rest_route=%2Fwp%2Fv2%2Fmedia&parent=26069"}],"wp:term":[{"taxonomy":"category","embeddable":true,"href":"https:\/\/zonaroja.com.mx\/index.php?rest_route=%2Fwp%2Fv2%2Fcategories&post=26069"},{"taxonomy":"post_tag","embeddable":true,"href":"https:\/\/zonaroja.com.mx\/index.php?rest_route=%2Fwp%2Fv2%2Ftags&post=26069"}],"curies":[{"name":"wp","href":"https:\/\/api.w.org\/{rel}","templated":true}]}}