{"id":26074,"date":"2021-04-16T15:29:15","date_gmt":"2021-04-16T20:29:15","guid":{"rendered":"https:\/\/www.zonaroja.com.mx\/?p=26074"},"modified":"2021-04-16T15:33:32","modified_gmt":"2021-04-16T20:33:32","slug":"se-suma-comision-nacional-de-busqueda-a-trabajos-para-localizar-a-claudia-uruchurtu","status":"publish","type":"post","link":"https:\/\/zonaroja.com.mx\/?p=26074","title":{"rendered":"Se suma Comisi\u00f3n Nacional de B\u00fasqueda a trabajos para localizar a Claudia Uruchurtu"},"content":{"rendered":"\n<p>Redacci\u00f3n\/Zona Roja. <\/p>\n\n\n\n<p>Oaxaca de Ju\u00e1rez, Oax., 16 de abril de 2021.- Personal de la Fiscal\u00eda General del Estado de Oaxaca (FGEO), en colaboraci\u00f3n con la Comisi\u00f3n Nacional de B\u00fasqueda, realiz\u00f3 la primera etapa del plan de b\u00fasqueda de la ciudadana Claudia Uruchurtu Cruz, desaparecida el 26 de marzo de 2021, en Asunci\u00f3n Nochixtl\u00e1n.<\/p>\n\n\n\n<p>En un comunicado, inform\u00f3 que esta acci\u00f3n fue realizada por la instituci\u00f3n de procuraci\u00f3n de justicia, a trav\u00e9s de su Unidad Especializada de Desaparici\u00f3n Forzada y cont\u00f3 con el apoyo de Agentes Estatales de Investigaci\u00f3n, as\u00ed como personal de la Secretar\u00eda de Gobernaci\u00f3n.<\/p>\n\n\n\n<p>Adem\u00e1s de elementos de la Guardia Nacional, Secretar\u00eda de la Defensa Nacional y polic\u00edas con binomio canino de la Secretar\u00eda de Seguridad P\u00fablica de Oaxaca, dentro de las carpetas de investigaci\u00f3n 10367\/FMIX\/NOCHIXTL\u00c1N\/2021 y 10368\/FEDH\/FDPE\/2021.<\/p>\n\n\n\n<p>La Fiscal\u00eda indic\u00f3 que esta primera etapa de b\u00fasqueda y exploraci\u00f3n abarc\u00f3 una superficie de 36 hect\u00e1reas y contempl\u00f3 recorridos por diferentes caminos y parajes, adem\u00e1s de la inspecci\u00f3n minuciosa en el basurero de San Pedro Coxcaltepec.<\/p>\n\n\n\n<p>Se\u00f1al\u00f3  que en esta acci\u00f3n participaron 90 elementos de las Instituciones antes mencionadas.<\/p>\n\n\n\n<p>\u201cCon estas acciones, la Fiscal\u00eda General refrenda su compromiso de redoblar esfuerzos en la b\u00fasqueda y localizaci\u00f3n de personas desaparecidas en la entidad, realizando un trabajo interinstitucional en la b\u00fasqueda de la procuraci\u00f3n de justicia para las v\u00edctimas\u201d, expuso. <\/p>\n\n\n\n<p>A tres semanas de la desaparici\u00f3n de Claudia Uruchurtu, a\u00fan no hay indicios de su paradero, pese a exigencias del gobierno de la Gran Breta\u00f1a, as\u00ed como organismos internacionales como Amnist\u00eda Internacional (AI). <\/p>\n","protected":false},"excerpt":{"rendered":"<p>Redacci\u00f3n\/Zona Roja. Oaxaca de Ju\u00e1rez, Oax., 16 de abril de 2021.- Personal de la Fiscal\u00eda&hellip;<\/p>\n","protected":false},"author":2,"featured_media":26073,"comment_status":"closed","ping_status":"open","sticky":false,"template":"","format":"standard","meta":{"_lmt_disableupdate":"","_lmt_disable":"","_jetpack_memberships_contains_paid_content":false,"footnotes":""},"categories":[109,47],"tags":[2582],"class_list":["post-26074","post","type-post","status-publish","format-standard","has-post-thumbnail","hentry","category-minuto-a-minuto","category-zona-gris","tag-claudia-uruchurtu-cruz"],"jetpack_featured_media_url":"https:\/\/zonaroja.com.mx\/wp-content\/uploads\/2021\/04\/905e799d-6733-439b-abfa-9f0d6e83dbcd.jpg","jetpack_sharing_enabled":true,"_links":{"self":[{"href":"https:\/\/zonaroja.com.mx\/index.php?rest_route=\/wp\/v2\/posts\/26074","targetHints":{"allow":["GET"]}}],"collection":[{"href":"https:\/\/zonaroja.com.mx\/index.php?rest_route=\/wp\/v2\/posts"}],"about":[{"href":"https:\/\/zonaroja.com.mx\/index.php?rest_route=\/wp\/v2\/types\/post"}],"author":[{"embeddable":true,"href":"https:\/\/zonaroja.com.mx\/index.php?rest_route=\/wp\/v2\/users\/2"}],"replies":[{"embeddable":true,"href":"https:\/\/zonaroja.com.mx\/index.php?rest_route=%2Fwp%2Fv2%2Fcomments&post=26074"}],"version-history":[{"count":1,"href":"https:\/\/zonaroja.com.mx\/index.php?rest_route=\/wp\/v2\/posts\/26074\/revisions"}],"predecessor-version":[{"id":26075,"href":"https:\/\/zonaroja.com.mx\/index.php?rest_route=\/wp\/v2\/posts\/26074\/revisions\/26075"}],"wp:featuredmedia":[{"embeddable":true,"href":"https:\/\/zonaroja.com.mx\/index.php?rest_route=\/wp\/v2\/media\/26073"}],"wp:attachment":[{"href":"https:\/\/zonaroja.com.mx\/index.php?rest_route=%2Fwp%2Fv2%2Fmedia&parent=26074"}],"wp:term":[{"taxonomy":"category","embeddable":true,"href":"https:\/\/zonaroja.com.mx\/index.php?rest_route=%2Fwp%2Fv2%2Fcategories&post=26074"},{"taxonomy":"post_tag","embeddable":true,"href":"https:\/\/zonaroja.com.mx\/index.php?rest_route=%2Fwp%2Fv2%2Ftags&post=26074"}],"curies":[{"name":"wp","href":"https:\/\/api.w.org\/{rel}","templated":true}]}}