{"id":26082,"date":"2021-04-16T19:06:46","date_gmt":"2021-04-17T00:06:46","guid":{"rendered":"http:\/\/www.zonaroja.com.mx\/?p=26082"},"modified":"2021-04-16T19:07:05","modified_gmt":"2021-04-17T00:07:05","slug":"inadmisible-violencia-politica-jesus-zambrano-exige-protocolos-de-seguridad","status":"publish","type":"post","link":"https:\/\/zonaroja.com.mx\/?p=26082","title":{"rendered":"Inadmisible violencia pol\u00edtica: Jes\u00fas Zambrano; exige protocolos de seguridad"},"content":{"rendered":"\n<p>Yuridiana Sosa\/Zona Roja.<\/p>\n\n\n\n<p>Oaxaca de Ju\u00e1rez, Oax., 16 de abril de 2021.- El dirigente nacional del Partido de la Revoluci\u00f3n Democr\u00e1tica (PRD), Jes\u00fas Zambrano Grijalva, demand\u00f3 al gobierno de M\u00e9xico que aplique medidas de seguridad que garanticen un proceso electoral en paz, para la ciudadan\u00eda y candidatos.<\/p>\n\n\n\n<p>En su visita a Oaxaca, conden\u00f3 el asesinato de los miembros del Partido Acci\u00f3n Nacional (PAN) &#8211;con el que hacen alianza el PRD y el PRI&#8211;, Ivonne Gallegos, como precandidata a la presidencia de Ocotl\u00e1n, y Leonardo D\u00edaz, padre de la presidente estatal del PAN, Natividad D\u00edaz, ocurridos en menos de un mes, entre marzo y abril, respectivamente.<\/p>\n\n\n\n<p>Zambrano Grijalva dijo que estos actos son condenables, mismos que desafortunadamente se han registrado en otros estados, pero, casualmente ning\u00fan caso contra candidatos ni militantes de Morena.<\/p>\n\n\n\n<figure class=\"wp-block-embed-twitter wp-block-embed is-type-rich is-provider-twitter\"><div class=\"wp-block-embed__wrapper\">\n<div class=\"twitter-tweet\"><blockquote class=\"twitter-tweet\" data-lang=\"es\"><p lang=\"es\" dir=\"ltr\"><a href=\"https:\/\/twitter.com\/hashtag\/ENVIVO?src=hash&amp;ref_src=twsrc%5Etfw\">#ENVIVO<\/a> <br>Oaxaca de Ju\u00e1rez, Oax., a 16 de abril de 2021. Conferencia de prensa del dirigente nacional del Partido de la Revoluci\u00f3n Democr\u00e1tica, Jes\u00fas Zambrano, en la ciudad de <a href=\"https:\/\/twitter.com\/hashtag\/Oaxaca?src=hash&amp;ref_src=twsrc%5Etfw\">#Oaxaca<\/a>.  <br>Siga la transmisi\u00f3n:<br>\ud83d\udc47<a href=\"https:\/\/t.co\/S5fmYTqDwI\">https:\/\/t.co\/S5fmYTqDwI<\/a> <a href=\"https:\/\/t.co\/3zfatu7lo9\">pic.twitter.com\/3zfatu7lo9<\/a><\/p>&mdash; Zona Roja Oaxaca (@Zona_Roja_Oax) <a href=\"https:\/\/twitter.com\/Zona_Roja_Oax\/status\/1383132950871429124?ref_src=twsrc%5Etfw\">16 de abril de 2021<\/a><\/blockquote><\/div>\n<\/div><\/figure>\n\n\n\n<p>En conferencia de prensa en la capital se\u00f1al\u00f3 que es urgente y necesario que el gobierno mexicano implemente protocolos para evitar la repetici\u00f3n de hechos sangrientos de este tipo y se proteja la libertad de expresi\u00f3n de las distintas fuerzas pol\u00edticas.<\/p>\n\n\n\n<p>\u201cEs impermisible que se siente un clima de violencia pol\u00edtica que inhiba la participaci\u00f3n de las personas en el proceso electoral, hoy m\u00e1s que nunca, cuando se requiere que salgan votar\u201d, manifest\u00f3 ante los medios de comunicaci\u00f3n.<\/p>\n\n\n\n<p>Consider\u00f3 que la Guardia Nacional debe ejercer su labor de protecci\u00f3n al pueblo mexicano para ofrecer paz y seguridad en el proceso electoral, previo, durante y despu\u00e9s del 6 de junio.<\/p>\n\n\n\n<figure class=\"wp-block-embed-twitter wp-block-embed is-type-rich is-provider-twitter\"><div class=\"wp-block-embed__wrapper\">\n<div class=\"twitter-tweet\"><blockquote class=\"twitter-tweet\" data-lang=\"es\"><p lang=\"es\" dir=\"ltr\">1. Durante su visita a <a href=\"https:\/\/twitter.com\/hashtag\/Oaxaca?src=hash&amp;ref_src=twsrc%5Etfw\">#Oaxaca<\/a>, el dirigente nacional del <a href=\"https:\/\/twitter.com\/PRDMexico?ref_src=twsrc%5Etfw\">@PRDMexico<\/a>, Jes\u00fas Zambrano, conden\u00f3 la ola de violencia pol\u00edtica en la entidad y dijo que es responsabilidad de la Guardia Nacional resguardar el proceso electoral, para evitar m\u00e1s hechos de ese tipo. <a href=\"https:\/\/t.co\/Nwfg8fg5Oz\">pic.twitter.com\/Nwfg8fg5Oz<\/a><\/p>&mdash; Zona Roja Oaxaca (@Zona_Roja_Oax) <a href=\"https:\/\/twitter.com\/Zona_Roja_Oax\/status\/1383188430775984140?ref_src=twsrc%5Etfw\">16 de abril de 2021<\/a><\/blockquote><\/div>\n<\/div><\/figure>\n\n\n\n<p>Pues es necesario que los candidatos desarrollen sus campa\u00f1as en un ambiente de paz y tranquilidad, as\u00ed como que la ciudadan\u00eda sienta seguridad de asistir a las casillas a votar.<\/p>\n\n\n\n<p>Jes\u00fas Zambrano arrib\u00f3 a Oaxaca para tomar protesta a los delegados y coordinadores distritales y municipales en la entidad. En su visita tambi\u00e9n defendi\u00f3 la supervivencia del PRD. \u201cEl PRD est\u00e1 vivo y fuerte, se va a ver la fortaleza en las elecciones\u201d, expres\u00f3.<\/p>\n\n\n\n<figure class=\"wp-block-embed-twitter wp-block-embed is-type-rich is-provider-twitter\"><div class=\"wp-block-embed__wrapper\">\n<div class=\"twitter-tweet\"><blockquote class=\"twitter-tweet\" data-lang=\"es\"><p lang=\"es\" dir=\"ltr\"><a href=\"https:\/\/twitter.com\/hashtag\/%C3%9AltimoMinuto?src=hash&amp;ref_src=twsrc%5Etfw\">#\u00daltimoMinuto<\/a> <br>2. Asimismo, el presidente del <a href=\"https:\/\/twitter.com\/PRDMexico?ref_src=twsrc%5Etfw\">@PRDMexico<\/a>, <a href=\"https:\/\/twitter.com\/Jesus_ZambranoG?ref_src=twsrc%5Etfw\">@jesus_zambranog<\/a>, calific\u00f3 como un exceso la actitud del gobernador de Michoac\u00e1n, <a href=\"https:\/\/twitter.com\/Silvano_A?ref_src=twsrc%5Etfw\">@Silvano_A<\/a> -tambi\u00e9n perredista-, al empujar a un profesor cuando protestaba para exigir seguridad y justicia. <a href=\"https:\/\/t.co\/rc4FBoGeGK\">pic.twitter.com\/rc4FBoGeGK<\/a><\/p>&mdash; Zona Roja Oaxaca (@Zona_Roja_Oax) <a href=\"https:\/\/twitter.com\/Zona_Roja_Oax\/status\/1383197271026585601?ref_src=twsrc%5Etfw\">16 de abril de 2021<\/a><\/blockquote><\/div>\n<\/div><\/figure>\n","protected":false},"excerpt":{"rendered":"<p>Yuridiana Sosa\/Zona Roja. Oaxaca de Ju\u00e1rez, Oax., 16 de abril de 2021.- El dirigente nacional&hellip;<\/p>\n","protected":false},"author":2,"featured_media":26083,"comment_status":"closed","ping_status":"open","sticky":false,"template":"","format":"standard","meta":{"_lmt_disableupdate":"","_lmt_disable":"","_jetpack_memberships_contains_paid_content":false,"footnotes":""},"categories":[109,46],"tags":[2613],"class_list":["post-26082","post","type-post","status-publish","format-standard","has-post-thumbnail","hentry","category-minuto-a-minuto","category-zona-blanca","tag-jesus-zambrano-grijalva"],"jetpack_featured_media_url":"https:\/\/zonaroja.com.mx\/wp-content\/uploads\/2021\/04\/Jesus-Zambrano-en-Oaxaca.jpg","jetpack_sharing_enabled":true,"_links":{"self":[{"href":"https:\/\/zonaroja.com.mx\/index.php?rest_route=\/wp\/v2\/posts\/26082","targetHints":{"allow":["GET"]}}],"collection":[{"href":"https:\/\/zonaroja.com.mx\/index.php?rest_route=\/wp\/v2\/posts"}],"about":[{"href":"https:\/\/zonaroja.com.mx\/index.php?rest_route=\/wp\/v2\/types\/post"}],"author":[{"embeddable":true,"href":"https:\/\/zonaroja.com.mx\/index.php?rest_route=\/wp\/v2\/users\/2"}],"replies":[{"embeddable":true,"href":"https:\/\/zonaroja.com.mx\/index.php?rest_route=%2Fwp%2Fv2%2Fcomments&post=26082"}],"version-history":[{"count":1,"href":"https:\/\/zonaroja.com.mx\/index.php?rest_route=\/wp\/v2\/posts\/26082\/revisions"}],"predecessor-version":[{"id":26084,"href":"https:\/\/zonaroja.com.mx\/index.php?rest_route=\/wp\/v2\/posts\/26082\/revisions\/26084"}],"wp:featuredmedia":[{"embeddable":true,"href":"https:\/\/zonaroja.com.mx\/index.php?rest_route=\/wp\/v2\/media\/26083"}],"wp:attachment":[{"href":"https:\/\/zonaroja.com.mx\/index.php?rest_route=%2Fwp%2Fv2%2Fmedia&parent=26082"}],"wp:term":[{"taxonomy":"category","embeddable":true,"href":"https:\/\/zonaroja.com.mx\/index.php?rest_route=%2Fwp%2Fv2%2Fcategories&post=26082"},{"taxonomy":"post_tag","embeddable":true,"href":"https:\/\/zonaroja.com.mx\/index.php?rest_route=%2Fwp%2Fv2%2Ftags&post=26082"}],"curies":[{"name":"wp","href":"https:\/\/api.w.org\/{rel}","templated":true}]}}