{"id":26085,"date":"2021-04-16T20:37:34","date_gmt":"2021-04-17T01:37:34","guid":{"rendered":"http:\/\/www.zonaroja.com.mx\/?p=26085"},"modified":"2021-04-16T20:38:50","modified_gmt":"2021-04-17T01:38:50","slug":"confirman-fraude-y-mentiras-de-morena-en-eleccion-de-candidato-de-santa-lucia-del-camino","status":"publish","type":"post","link":"https:\/\/zonaroja.com.mx\/?p=26085","title":{"rendered":"Confirman fraude y mentiras de Morena en elecci\u00f3n de candidato de Santa Luc\u00eda del Camino"},"content":{"rendered":"\n<p>Yuridiana Sosa\/Zona Roja.<\/p>\n\n\n\n<p>Oaxaca de Ju\u00e1rez, Oax., 16 de abril de 2021.- El ex aspirante a la candidatura para la presidencia de Santa Luc\u00eda del Camino, Mario Pradillo S\u00e1nchez, confirm\u00f3 las irregularidades que el Comit\u00e9 Ejecutivo Estatal (CEE) de Morena cometi\u00f3 al designar al candidato sin la existencia de una encuesta.<\/p>\n\n\n\n<p>En conferencia de prensa, exhibi\u00f3 la falta que cometi\u00f3 el dirigente de Morena en Oaxaca, Ses\u00fal Bola\u00f1os, a los principios del partido, \u201cno mentir, no robar y no traicionar al pueblo\u201d, pues de acuerdo con la Comisi\u00f3n Nacional de Honestidad y Justicia (CNHJ) \u201cno existi\u00f3 ni se realiz\u00f3 la encuesta\u201d, la cual se realizar\u00eda entre la poblaci\u00f3n.<\/p>\n\n\n\n<figure class=\"wp-block-embed-twitter wp-block-embed is-type-rich is-provider-twitter\"><div class=\"wp-block-embed__wrapper\">\n<div class=\"twitter-tweet\"><blockquote class=\"twitter-tweet\" data-lang=\"es\"><p lang=\"es\" dir=\"ltr\">Oaxaca de Ju\u00e1rez, Oax., 16 de abril de 2021.- Conferencia de prensa de el ex aspirante a presidente municipal por Santa Luc\u00eda del Camino por Morena, Mario Pradillo.<br>Siga aqu\u00ed la transmisi\u00f3n:<br>\ud83d\udc47<a href=\"https:\/\/t.co\/GSlHVwu6lw\">https:\/\/t.co\/GSlHVwu6lw<\/a> <a href=\"https:\/\/t.co\/EYaW6Az2Qj\">pic.twitter.com\/EYaW6Az2Qj<\/a><\/p>&mdash; Zona Roja Oaxaca (@Zona_Roja_Oax) <a href=\"https:\/\/twitter.com\/Zona_Roja_Oax\/status\/1383141616165134337?ref_src=twsrc%5Etfw\">16 de abril de 2021<\/a><\/blockquote><\/div>\n<\/div><\/figure>\n\n\n\n<p>Pradillo S\u00e1nchez detall\u00f3 que luego que Morena en Oaxaca dio a conocer que Juan Carlos Garc\u00eda M\u00e1rquez era el candidato, el 28 de marzo interpuso un Juicio para la Protecci\u00f3n de los Derechos Pol\u00edticos Electorales del Ciudadano, ante el Tribunal Electoral del Estado de Oaxaca (TEEO), porque Morena nunca explic\u00f3 la metodolog\u00eda, los cuestionarios y las personas que fueron encuestadas.<\/p>\n\n\n\n<p>Sin embargo, el TEEO indic\u00f3 que este proceso le compet\u00eda a la Comisi\u00f3n Nacional de Honestidad y Justicia (CNHJ) del partido Morena, quien finalmente resolvi\u00f3 contradiciendo las versiones del Comit\u00e9 Estatal en Oaxaca sobre la aplicaci\u00f3n de una encuesta.<\/p>\n\n\n\n<p>El ex candidato indic\u00f3 que no ha considerado la impugnaci\u00f3n sobre el \u201cdedazo\u201d para Juan Carlos Garc\u00eda, aunque asegur\u00f3 que continuar\u00e1 dentro del partido de Morena, desechando las posibilidades de recurrir a otro partido para formar parte de la contienda electoral.<\/p>\n","protected":false},"excerpt":{"rendered":"<p>Yuridiana Sosa\/Zona Roja. Oaxaca de Ju\u00e1rez, Oax., 16 de abril de 2021.- El ex aspirante&hellip;<\/p>\n","protected":false},"author":2,"featured_media":26086,"comment_status":"closed","ping_status":"open","sticky":false,"template":"","format":"standard","meta":{"_lmt_disableupdate":"","_lmt_disable":"","_jetpack_memberships_contains_paid_content":false,"footnotes":""},"categories":[109,46],"tags":[2614],"class_list":["post-26085","post","type-post","status-publish","format-standard","has-post-thumbnail","hentry","category-minuto-a-minuto","category-zona-blanca","tag-mario-pradillo-sanchez"],"jetpack_featured_media_url":"https:\/\/zonaroja.com.mx\/wp-content\/uploads\/2021\/04\/Conferencia-Mario-Pradillo.jpg","jetpack_sharing_enabled":true,"_links":{"self":[{"href":"https:\/\/zonaroja.com.mx\/index.php?rest_route=\/wp\/v2\/posts\/26085","targetHints":{"allow":["GET"]}}],"collection":[{"href":"https:\/\/zonaroja.com.mx\/index.php?rest_route=\/wp\/v2\/posts"}],"about":[{"href":"https:\/\/zonaroja.com.mx\/index.php?rest_route=\/wp\/v2\/types\/post"}],"author":[{"embeddable":true,"href":"https:\/\/zonaroja.com.mx\/index.php?rest_route=\/wp\/v2\/users\/2"}],"replies":[{"embeddable":true,"href":"https:\/\/zonaroja.com.mx\/index.php?rest_route=%2Fwp%2Fv2%2Fcomments&post=26085"}],"version-history":[{"count":2,"href":"https:\/\/zonaroja.com.mx\/index.php?rest_route=\/wp\/v2\/posts\/26085\/revisions"}],"predecessor-version":[{"id":26088,"href":"https:\/\/zonaroja.com.mx\/index.php?rest_route=\/wp\/v2\/posts\/26085\/revisions\/26088"}],"wp:featuredmedia":[{"embeddable":true,"href":"https:\/\/zonaroja.com.mx\/index.php?rest_route=\/wp\/v2\/media\/26086"}],"wp:attachment":[{"href":"https:\/\/zonaroja.com.mx\/index.php?rest_route=%2Fwp%2Fv2%2Fmedia&parent=26085"}],"wp:term":[{"taxonomy":"category","embeddable":true,"href":"https:\/\/zonaroja.com.mx\/index.php?rest_route=%2Fwp%2Fv2%2Fcategories&post=26085"},{"taxonomy":"post_tag","embeddable":true,"href":"https:\/\/zonaroja.com.mx\/index.php?rest_route=%2Fwp%2Fv2%2Ftags&post=26085"}],"curies":[{"name":"wp","href":"https:\/\/api.w.org\/{rel}","templated":true}]}}