{"id":26089,"date":"2021-04-16T21:53:27","date_gmt":"2021-04-17T02:53:27","guid":{"rendered":"http:\/\/www.zonaroja.com.mx\/?p=26089"},"modified":"2021-04-16T21:54:17","modified_gmt":"2021-04-17T02:54:17","slug":"istmo-violento-ejecutado-en-juchitan-y-menor-atropellado-y-muerto-en-salina-cruz","status":"publish","type":"post","link":"https:\/\/zonaroja.com.mx\/?p=26089","title":{"rendered":"Istmo violento: ejecutado en Juchit\u00e1n y menor atropellado y muerto en Salina Cruz"},"content":{"rendered":"\n<p>Redacci\u00f3n\/Zona Roja. Foto: 50 Bravo.<\/p>\n\n\n\n<p>Oaxaca de Ju\u00e1rez, Oax., 16 de abril de 2021.- Por tercer d\u00eda consecutivo, una persona fue ejecutada a balazos, en Juchit\u00e1n de Zaragoza, Oaxaca.<\/p>\n\n\n\n<p>En el interior de un domicilio ubicado en la calle Constituci\u00f3n casi esquina con avenida Insurgentes, en la S\u00e9ptima Secci\u00f3n, sujetos armados acribillaron a un individuo.<\/p>\n\n\n\n<p>La v\u00edctima fue identificada como Enrique C. V., con el mote de \u201cCol\u00f3\u201d; una segunda persona result\u00f3 lesionada por lo que fue trasladada a un hospital.<\/p>\n\n\n\n<p>Por otra parte, esta tarde de viernes en el tramo carretero que comunica a Salina Cruz con Santo Domingo Tehuantepec, a la altura de la gasoliner\u00eda \u201cDos oc\u00e9anos\u201d, fue atropellado un menor de edad.<\/p>\n\n\n\n<p>El presunto autor del percance, que conduc\u00eda un coche gris marca Chevroleto, se baj\u00f3 a auxiliar a la v\u00edctima; una ambulancia lo traslad\u00f3 a un hospital, donde perdi\u00f3 la vida.<\/p>\n\n\n\n<p>Respondi\u00f3 al nombre de Giovani, de 12 a\u00f1os de edad con domicilio en la colonia Granadillo de Salina Cruz.<\/p>\n","protected":false},"excerpt":{"rendered":"<p>Redacci\u00f3n\/Zona Roja. Foto: 50 Bravo. Oaxaca de Ju\u00e1rez, Oax., 16 de abril de 2021.- Por&hellip;<\/p>\n","protected":false},"author":2,"featured_media":26090,"comment_status":"closed","ping_status":"open","sticky":false,"template":"","format":"standard","meta":{"_lmt_disableupdate":"","_lmt_disable":"","_jetpack_memberships_contains_paid_content":false,"footnotes":""},"categories":[109,51],"tags":[123],"class_list":["post-26089","post","type-post","status-publish","format-standard","has-post-thumbnail","hentry","category-minuto-a-minuto","category-zona-roja","tag-juchitan-de-zaragoza"],"jetpack_featured_media_url":"https:\/\/zonaroja.com.mx\/wp-content\/uploads\/2021\/04\/Ejecutado-Juchitan-1.jpg","jetpack_sharing_enabled":true,"_links":{"self":[{"href":"https:\/\/zonaroja.com.mx\/index.php?rest_route=\/wp\/v2\/posts\/26089","targetHints":{"allow":["GET"]}}],"collection":[{"href":"https:\/\/zonaroja.com.mx\/index.php?rest_route=\/wp\/v2\/posts"}],"about":[{"href":"https:\/\/zonaroja.com.mx\/index.php?rest_route=\/wp\/v2\/types\/post"}],"author":[{"embeddable":true,"href":"https:\/\/zonaroja.com.mx\/index.php?rest_route=\/wp\/v2\/users\/2"}],"replies":[{"embeddable":true,"href":"https:\/\/zonaroja.com.mx\/index.php?rest_route=%2Fwp%2Fv2%2Fcomments&post=26089"}],"version-history":[{"count":2,"href":"https:\/\/zonaroja.com.mx\/index.php?rest_route=\/wp\/v2\/posts\/26089\/revisions"}],"predecessor-version":[{"id":26092,"href":"https:\/\/zonaroja.com.mx\/index.php?rest_route=\/wp\/v2\/posts\/26089\/revisions\/26092"}],"wp:featuredmedia":[{"embeddable":true,"href":"https:\/\/zonaroja.com.mx\/index.php?rest_route=\/wp\/v2\/media\/26090"}],"wp:attachment":[{"href":"https:\/\/zonaroja.com.mx\/index.php?rest_route=%2Fwp%2Fv2%2Fmedia&parent=26089"}],"wp:term":[{"taxonomy":"category","embeddable":true,"href":"https:\/\/zonaroja.com.mx\/index.php?rest_route=%2Fwp%2Fv2%2Fcategories&post=26089"},{"taxonomy":"post_tag","embeddable":true,"href":"https:\/\/zonaroja.com.mx\/index.php?rest_route=%2Fwp%2Fv2%2Ftags&post=26089"}],"curies":[{"name":"wp","href":"https:\/\/api.w.org\/{rel}","templated":true}]}}