{"id":2609,"date":"2019-07-29T09:16:49","date_gmt":"2019-07-29T14:16:49","guid":{"rendered":"http:\/\/www.zonaroja.com.mx\/?p=2609"},"modified":"2019-07-29T09:18:25","modified_gmt":"2019-07-29T14:18:25","slug":"alcaldesa-de-san-jacinto-amilpas-amenaza-a-regidores-acusan","status":"publish","type":"post","link":"https:\/\/zonaroja.com.mx\/?p=2609","title":{"rendered":"Alcaldesa de San Jacinto Amilpas amenaza a regidores, acusan"},"content":{"rendered":"\n<p>Redacci\u00f3n<\/p>\n\n\n\n<p>Oaxaca de Ju\u00e1rez, Oax., 29 de julio de\n2019.- Los regidores del ayuntamiento de San Jacinto Amilpas, Gisela Lilia\nP\u00e9rez Garc\u00eda, Jacinto Juan Caballero y M\u00f3nica Morales denunciaron amenazas por\nparte de la presidenta municipal, Yolanda Santos Caballero, emanada del Partido\nMorena.<\/p>\n\n\n\n<p>Asimismo, confirmaron que utiliz\u00f3 a la\nPolic\u00eda Municipal para disolver una protesta pac\u00edfica, atacar a la poblaci\u00f3n y\nrealizar detenciones arbitrarias, tras los hechos ocurridos ayer al mediod\u00eda y\npor la tarde en ese municipio conurbado a la capital.<\/p>\n\n\n\n<p>De acuerdo con Gisela Lilia P\u00e9rez, a\ntrav\u00e9s de un individuo identificado como Jes\u00fas Monterrey y el s\u00edndico \u00c1lvaro\nAlberto Hern\u00e1ndez, han amenazado a los regidores inconformes y a la poblaci\u00f3n\ncon un desalojo violento.<\/p>\n\n\n\n<p>Asimismo, con detenciones y agresiones\na sus familiares, que en su caso se cumpli\u00f3 ayer con su hermano, que fue\ngolpeado.<\/p>\n\n\n\n<p>Tanto Jacinto Juan Caballero como\nM\u00f3nica Morales exigieron la intervenci\u00f3n del Presidente de la Rep\u00fablica, Andr\u00e9s\nManuel L\u00f3pez Obrador, as\u00ed como de la Secretar\u00eda General de Gobierno de Oaxaca,\npara que se ponga orden en ese municipio y se entablen mesas de di\u00e1logo.<\/p>\n\n\n\n<p>Esta \u00faltima pidi\u00f3 a la alcaldesa Yolanda Santos respetar los postulados del Partido Morena, de no mentir, no robar y no enga\u00f1ar al pueblo.<\/p>\n\n\n\n<figure class=\"wp-block-embed-twitter wp-block-embed is-type-rich is-provider-twitter\"><div class=\"wp-block-embed__wrapper\">\n<div class=\"twitter-tweet\"><blockquote class=\"twitter-tweet\" data-lang=\"es\"><p lang=\"es\" dir=\"ltr\"><a href=\"https:\/\/twitter.com\/hashtag\/OaxacaRojo?src=hash&amp;ref_src=twsrc%5Etfw\">#OaxacaRojo<\/a><br>La violencia regres\u00f3 la tarde de este domingo en San Jacinto Amilpas; personas desconocidas arrojaron una granada de gas lacrim\u00f3geno a la gente, previo a la <a href=\"https:\/\/twitter.com\/hashtag\/Guelaguetza?src=hash&amp;ref_src=twsrc%5Etfw\">#Guelaguetza<\/a> en ese municipio conurbado a la capital de <a href=\"https:\/\/twitter.com\/hashtag\/Oaxaca?src=hash&amp;ref_src=twsrc%5Etfw\">#Oaxaca<\/a>. <br>Video: <a href=\"https:\/\/twitter.com\/WillyHdz_Mx?ref_src=twsrc%5Etfw\">@WillyHdz_Mx<\/a> <a href=\"https:\/\/twitter.com\/LaondaOaxaca?ref_src=twsrc%5Etfw\">@LaondaOaxaca<\/a> <a href=\"https:\/\/t.co\/DjlYz3Nsue\">pic.twitter.com\/DjlYz3Nsue<\/a><\/p>&mdash; Zona Roja Oaxaca (@MexRoja) <a href=\"https:\/\/twitter.com\/MexRoja\/status\/1155627858292858882?ref_src=twsrc%5Etfw\">28 de julio de 2019<\/a><\/blockquote><\/div>\n<\/div><\/figure>\n","protected":false},"excerpt":{"rendered":"<p>Redacci\u00f3n Oaxaca de Ju\u00e1rez, Oax., 29 de julio de 2019.- Los regidores del ayuntamiento de&hellip;<\/p>\n","protected":false},"author":2,"featured_media":2611,"comment_status":"closed","ping_status":"open","sticky":false,"template":"","format":"standard","meta":{"_lmt_disableupdate":"","_lmt_disable":"","_jetpack_memberships_contains_paid_content":false,"footnotes":""},"categories":[109,51],"tags":[422],"class_list":["post-2609","post","type-post","status-publish","format-standard","has-post-thumbnail","hentry","category-minuto-a-minuto","category-zona-roja","tag-violencia-san-jacinto-amilpas"],"jetpack_featured_media_url":"https:\/\/zonaroja.com.mx\/wp-content\/uploads\/2019\/07\/IMG_4030.jpg","jetpack_sharing_enabled":true,"_links":{"self":[{"href":"https:\/\/zonaroja.com.mx\/index.php?rest_route=\/wp\/v2\/posts\/2609","targetHints":{"allow":["GET"]}}],"collection":[{"href":"https:\/\/zonaroja.com.mx\/index.php?rest_route=\/wp\/v2\/posts"}],"about":[{"href":"https:\/\/zonaroja.com.mx\/index.php?rest_route=\/wp\/v2\/types\/post"}],"author":[{"embeddable":true,"href":"https:\/\/zonaroja.com.mx\/index.php?rest_route=\/wp\/v2\/users\/2"}],"replies":[{"embeddable":true,"href":"https:\/\/zonaroja.com.mx\/index.php?rest_route=%2Fwp%2Fv2%2Fcomments&post=2609"}],"version-history":[{"count":1,"href":"https:\/\/zonaroja.com.mx\/index.php?rest_route=\/wp\/v2\/posts\/2609\/revisions"}],"predecessor-version":[{"id":2610,"href":"https:\/\/zonaroja.com.mx\/index.php?rest_route=\/wp\/v2\/posts\/2609\/revisions\/2610"}],"wp:featuredmedia":[{"embeddable":true,"href":"https:\/\/zonaroja.com.mx\/index.php?rest_route=\/wp\/v2\/media\/2611"}],"wp:attachment":[{"href":"https:\/\/zonaroja.com.mx\/index.php?rest_route=%2Fwp%2Fv2%2Fmedia&parent=2609"}],"wp:term":[{"taxonomy":"category","embeddable":true,"href":"https:\/\/zonaroja.com.mx\/index.php?rest_route=%2Fwp%2Fv2%2Fcategories&post=2609"},{"taxonomy":"post_tag","embeddable":true,"href":"https:\/\/zonaroja.com.mx\/index.php?rest_route=%2Fwp%2Fv2%2Ftags&post=2609"}],"curies":[{"name":"wp","href":"https:\/\/api.w.org\/{rel}","templated":true}]}}