{"id":26099,"date":"2021-04-17T08:07:29","date_gmt":"2021-04-17T13:07:29","guid":{"rendered":"http:\/\/www.zonaroja.com.mx\/?p=26099"},"modified":"2021-04-17T08:07:43","modified_gmt":"2021-04-17T13:07:43","slug":"violencia-sexual-incrementa-9-en-ninas-y-adolescentes-en-oaxaca","status":"publish","type":"post","link":"https:\/\/zonaroja.com.mx\/?p=26099","title":{"rendered":"Violencia sexual incrementa 9% en ni\u00f1as y adolescentes en Oaxaca"},"content":{"rendered":"\n<p>Redacci\u00f3n\/Zona Roja.<\/p>\n\n\n\n<p>Oaxaca de Ju\u00e1rez, Oax., a 17 de Abril del 2020.- Consorcio Oaxaca report\u00f3 un incremento del nueve por ciento en casos de violencia sexual contra ni\u00f1as y adolescentes durante el confinamiento en Oaxaca.<\/p>\n\n\n\n<p>Seg\u00fan su registro hemerogr\u00e1fico, documentaron 25 casos del 21 de marzo de 2020 al 10 de abril de 2021, en comparaci\u00f3n con los 23 casos registrados el a\u00f1o anterior.<\/p>\n\n\n\n<p>Mediante un bolet\u00edn de prensa, la organizaci\u00f3n feminista analiz\u00f3 datos de violencia sexual&nbsp; a partir de casos registrados en la Plataforma de Violencia Feminicida en Oaxaca -donde se documentan agresiones contra mujeres en raz\u00f3n de g\u00e9nero publicadas en la prensa local- con el objetivo de brindar un panorama sobre la situaci\u00f3n de violencia que enfrentan ni\u00f1as y adolescentes en el estado.<\/p>\n\n\n\n<p>Elizabeth Mosqueda Rivera, responsable del programa de j\u00f3venes de Consorcio Oaxaca, destac\u00f3 que, del 21 de marzo de 2021 al 10 de abril de 2021, el n\u00famero de agresiones sexuales contra ni\u00f1as y adolescentes en el estado se increment\u00f3 50% al interior de los hogares (16 casos), en comparaci\u00f3n con ocho casos registrados en el a\u00f1o anterior, del 21 de marzo de 2019 al 10 de abril de 2020.<\/p>\n\n\n\n<p>Apunt\u00f3 que, \u201csi bien disminuyeron las agresiones sexuales tanto la calle como en la escuela durante el confinamiento, es muy preocupante que ni\u00f1as y adolescentes sigan siendo v\u00edctimas de violencia sexual en cualquier espacio, ya sea p\u00fablico o privado, aun en pandemia\u201d.<\/p>\n\n\n\n<p>En relaci\u00f3n a los agresores, la activista refiere que 28% de ellos tienen un v\u00ednculo familiar y\/o afectivo con las agredidas (7 casos) \u2013abuelo, padre, padrastro, t\u00edo, novio-&nbsp; y 49%&nbsp; (13), eran desconocidos que entraron a su domicilio cuando las v\u00edctimas se encontraban solas.<\/p>\n\n\n\n<p>\u201cA pesar de que en el an\u00e1lisis comparativo observamos una disminuci\u00f3n en los delitos sexuales en espacios p\u00fablicos \u2013de 11 a 4 casos- y en espacios escolares \u2013de 3 a 2 casos-, nuestros datos son representativos, pues desconocemos cu\u00e1ntas ni\u00f1as realmente se encuentran viviendo una situaci\u00f3n de violencia sexual.<\/p>\n\n\n\n<p>\u201cExisten muchos factores alrededor de las v\u00edctimas que impiden contar con un registro real, ya sea porque son v\u00edctimas de chantaje o amenazas, o las familias tienen miedo a la denuncia al no obtener respuesta&nbsp; de sus familiares para atreverse a contar lo que les sucede.<\/p>\n\n\n\n<p>\u201cEl Estado tiene la obligaci\u00f3n de prevenir, sancionar y erradicar toda forma de violencia contra ellas, generando protocolos que garanticen su protecci\u00f3n y generando estrategias que garanticen que las denuncias en instancias correspondientes se realicen desde una perspectiva de derechos de ni\u00f1as y adolescentes, para que tengan acceso pleno a una vida libre de violencia, tal como lo marca la ley en materia\u201d, sentenci\u00f3 Mosqueda Rivera.<\/p>\n\n\n\n<p>Destac\u00f3 la importancia de que las personas adultas les crean a ni\u00f1as y adolescentes cuando denuncian este tipo de agresiones, de lo contrario este es un primer obst\u00e1culo para que los agresores sean sancionados conforme a derecho.<\/p>\n\n\n\n<p>Finalmente, la defensora hizo un llamado al gobierno de Alejandro Murat Hinojosa y a las dependencias de gobierno correspondientes para que cumplan con su obligaci\u00f3n de&nbsp; prevenir, sancionar y erradicar toda forma de violencia contra ni\u00f1as y adolescentes, sobre todo en contexto de pandemia y confinamiento.<\/p>\n","protected":false},"excerpt":{"rendered":"<p>Redacci\u00f3n\/Zona Roja. Oaxaca de Ju\u00e1rez, Oax., a 17 de Abril del 2020.- Consorcio Oaxaca report\u00f3&hellip;<\/p>\n","protected":false},"author":2,"featured_media":18870,"comment_status":"closed","ping_status":"open","sticky":false,"template":"","format":"standard","meta":{"_lmt_disableupdate":"","_lmt_disable":"","_jetpack_memberships_contains_paid_content":false,"footnotes":""},"categories":[109,47],"tags":[1093],"class_list":["post-26099","post","type-post","status-publish","format-standard","has-post-thumbnail","hentry","category-minuto-a-minuto","category-zona-gris","tag-consorcio-para-el-dialogo-oaxaca"],"jetpack_featured_media_url":"https:\/\/zonaroja.com.mx\/wp-content\/uploads\/2020\/10\/violencia-ninas-ninos-adolecentes.jpg","jetpack_sharing_enabled":true,"_links":{"self":[{"href":"https:\/\/zonaroja.com.mx\/index.php?rest_route=\/wp\/v2\/posts\/26099","targetHints":{"allow":["GET"]}}],"collection":[{"href":"https:\/\/zonaroja.com.mx\/index.php?rest_route=\/wp\/v2\/posts"}],"about":[{"href":"https:\/\/zonaroja.com.mx\/index.php?rest_route=\/wp\/v2\/types\/post"}],"author":[{"embeddable":true,"href":"https:\/\/zonaroja.com.mx\/index.php?rest_route=\/wp\/v2\/users\/2"}],"replies":[{"embeddable":true,"href":"https:\/\/zonaroja.com.mx\/index.php?rest_route=%2Fwp%2Fv2%2Fcomments&post=26099"}],"version-history":[{"count":1,"href":"https:\/\/zonaroja.com.mx\/index.php?rest_route=\/wp\/v2\/posts\/26099\/revisions"}],"predecessor-version":[{"id":26100,"href":"https:\/\/zonaroja.com.mx\/index.php?rest_route=\/wp\/v2\/posts\/26099\/revisions\/26100"}],"wp:featuredmedia":[{"embeddable":true,"href":"https:\/\/zonaroja.com.mx\/index.php?rest_route=\/wp\/v2\/media\/18870"}],"wp:attachment":[{"href":"https:\/\/zonaroja.com.mx\/index.php?rest_route=%2Fwp%2Fv2%2Fmedia&parent=26099"}],"wp:term":[{"taxonomy":"category","embeddable":true,"href":"https:\/\/zonaroja.com.mx\/index.php?rest_route=%2Fwp%2Fv2%2Fcategories&post=26099"},{"taxonomy":"post_tag","embeddable":true,"href":"https:\/\/zonaroja.com.mx\/index.php?rest_route=%2Fwp%2Fv2%2Ftags&post=26099"}],"curies":[{"name":"wp","href":"https:\/\/api.w.org\/{rel}","templated":true}]}}