{"id":26103,"date":"2021-04-17T08:25:23","date_gmt":"2021-04-17T13:25:23","guid":{"rendered":"http:\/\/www.zonaroja.com.mx\/?p=26103"},"modified":"2021-04-17T08:25:27","modified_gmt":"2021-04-17T13:25:27","slug":"familia-de-upoe-asesinado-hace-un-ano-denuncia-omision-en-investigacion","status":"publish","type":"post","link":"https:\/\/zonaroja.com.mx\/?p=26103","title":{"rendered":"Familia de UPOE asesinado hace un a\u00f1o denuncia omisi\u00f3n en investigaci\u00f3n"},"content":{"rendered":"\n<p>Yuridiana Sosa\/Zona Roja.<\/p>\n\n\n\n<p>Oaxaca de Ju\u00e1rez, Oax., 17 de abril de 2021.- La justicia no llega ni para los elementos de la Secretar\u00eda de Seguridad P\u00fablica de Oaxaca (SSPO). Familiares de un elemento de la Unidad Policial de Operaciones Especiales (UPOE) denunci\u00f3 que a un a\u00f1o de su asesinato, sigue sin haber avances en las investigaciones.<\/p>\n\n\n\n<p>La madrugada del 16 de abril de 2020, el polic\u00eda Segundo, Refugio Guilebaldo Guzm\u00e1n L\u00e1zcarez, miembro de la UPOE, de la SSPO, y quien en ese entonces era integrante de la escolta del titular del Secretariado Ejecutivo del Sistema Estatal de Seguridad P\u00fablica (SESESP), Jos\u00e9 Manuel Vera Salinas, fue atacado con armas de fuego al llegar a su casa en San Pedro Ixtlahuaca.<\/p>\n\n\n\n<p>Esposa e hijos de la v\u00edctima exigieron al nuevo fiscal de Oaxaca, Arturo Peimbert Calvo, aplicar justicia como protector de derechos humanos. \u201cEspero y no proteja (los derechos humanos) el de los delincuentes, si no preoc\u00fapese por el derecho de las v\u00edctimas, a las cu\u00e1les nos arrebataron a un esposo, padre, hijo, hermano, amigo y sobre todo a un honorable polic\u00eda\u201d.<\/p>\n\n\n\n<p>Durante un a\u00f1o, afirmaron en su denuncia p\u00fablica, la Fiscal\u00eda Especializada para la Atenci\u00f3n de Delitos de Alto Impacto, a trav\u00e9s de sus agentes del Ministerio P\u00fablico de la mesa siete de homicidios no han judicializado el caso marcado con la carpeta 12857\/FVCE\/Oaxaca\/2020, por homicidio calificado con ventaja.<\/p>\n\n\n\n<p>\u201cNo han dado respuesta, ni agilidad al caso, sino todo lo contrario\u201d, se\u00f1al\u00f3 la familia de finado polic\u00eda, quien recalc\u00f3 su demando de \u201cno m\u00e1s impunidad, no m\u00e1s corrupci\u00f3n, no m\u00e1s influyentismo, no m\u00e1s encubrimiento\u201d.<\/p>\n\n\n\n<p>Pues, de acuerdo a los familiares y versiones sobre el caso, el elemento de la UPOE fue agredido por elementos de la Agencia Estatal de Investigaci\u00f3n (AEI) de la Fiscal\u00eda de Oaxaca, identificados como Felipe Pacheco Flores, Carlos Alberto P\u00e9rez Tolentino, Lenin Jim\u00e9nez Hern\u00e1ndez y Jorge Camarena Romero, adem\u00e1s de seis agentes m\u00e1s.<\/p>\n\n\n\n<p>DOS VERSIONES<\/p>\n\n\n\n<p>La familia v\u00edctima del delito apunt\u00f3 que Refugio Guilebaldo Guzm\u00e1n fue asesinado al llegar a su domicilio en San Pedro Ixtlahuaca, atacado con arma de fuego por la espalda.<\/p>\n\n\n\n<p>Mientras que las versiones oficiales solo indicaron en ese entonces que el polic\u00eda recibi\u00f3 un disparo en la cabeza, producto de un intercambio de disparos.<\/p>\n\n\n\n<p>En el comunicado de ese entonces por la FGEO se inform\u00f3 que el ataque deriv\u00f3 de labores de la AEI mientras realizaban acciones para ejecutar una orden de aprehensi\u00f3n, sin detallar.<\/p>\n\n\n\n<p>El ex guarura de Vera Salinas perdi\u00f3 la vida mientras recib\u00eda atenci\u00f3n en el Instituto Mexicano del Seguro Social (IMSS).<\/p>\n","protected":false},"excerpt":{"rendered":"<p>Yuridiana Sosa\/Zona Roja. Oaxaca de Ju\u00e1rez, Oax., 17 de abril de 2021.- La justicia no&hellip;<\/p>\n","protected":false},"author":2,"featured_media":26104,"comment_status":"closed","ping_status":"open","sticky":false,"template":"","format":"standard","meta":{"_lmt_disableupdate":"","_lmt_disable":"","_jetpack_memberships_contains_paid_content":false,"footnotes":""},"categories":[109,47],"tags":[2615],"class_list":["post-26103","post","type-post","status-publish","format-standard","has-post-thumbnail","hentry","category-minuto-a-minuto","category-zona-gris","tag-unidad-de-operaciones-especiales-upoe"],"jetpack_featured_media_url":"https:\/\/zonaroja.com.mx\/wp-content\/uploads\/2021\/04\/Policia-Estatal-de-Oaxaca.jpg","jetpack_sharing_enabled":true,"_links":{"self":[{"href":"https:\/\/zonaroja.com.mx\/index.php?rest_route=\/wp\/v2\/posts\/26103","targetHints":{"allow":["GET"]}}],"collection":[{"href":"https:\/\/zonaroja.com.mx\/index.php?rest_route=\/wp\/v2\/posts"}],"about":[{"href":"https:\/\/zonaroja.com.mx\/index.php?rest_route=\/wp\/v2\/types\/post"}],"author":[{"embeddable":true,"href":"https:\/\/zonaroja.com.mx\/index.php?rest_route=\/wp\/v2\/users\/2"}],"replies":[{"embeddable":true,"href":"https:\/\/zonaroja.com.mx\/index.php?rest_route=%2Fwp%2Fv2%2Fcomments&post=26103"}],"version-history":[{"count":1,"href":"https:\/\/zonaroja.com.mx\/index.php?rest_route=\/wp\/v2\/posts\/26103\/revisions"}],"predecessor-version":[{"id":26105,"href":"https:\/\/zonaroja.com.mx\/index.php?rest_route=\/wp\/v2\/posts\/26103\/revisions\/26105"}],"wp:featuredmedia":[{"embeddable":true,"href":"https:\/\/zonaroja.com.mx\/index.php?rest_route=\/wp\/v2\/media\/26104"}],"wp:attachment":[{"href":"https:\/\/zonaroja.com.mx\/index.php?rest_route=%2Fwp%2Fv2%2Fmedia&parent=26103"}],"wp:term":[{"taxonomy":"category","embeddable":true,"href":"https:\/\/zonaroja.com.mx\/index.php?rest_route=%2Fwp%2Fv2%2Fcategories&post=26103"},{"taxonomy":"post_tag","embeddable":true,"href":"https:\/\/zonaroja.com.mx\/index.php?rest_route=%2Fwp%2Fv2%2Ftags&post=26103"}],"curies":[{"name":"wp","href":"https:\/\/api.w.org\/{rel}","templated":true}]}}