{"id":26106,"date":"2021-04-17T08:28:39","date_gmt":"2021-04-17T13:28:39","guid":{"rendered":"http:\/\/www.zonaroja.com.mx\/?p=26106"},"modified":"2021-04-17T08:28:42","modified_gmt":"2021-04-17T13:28:42","slug":"poder-judicial-reune-a-expertos-seminario-virtual-en-derecho-constitucional","status":"publish","type":"post","link":"https:\/\/zonaroja.com.mx\/?p=26106","title":{"rendered":"Poder Judicial re\u00fane a expertos seminario virtual en derecho constitucional"},"content":{"rendered":"\n<p>Redacci\u00f3n\/Zona Roja.<\/p>\n\n\n\n<p>Oaxaca de Ju\u00e1rez, Oax., 17 de abril de 2021.- En cuatro mesas tem\u00e1ticas sobre Derechos, Democracia, Justicia e Igualdad, juristas, constitucionalistas y polit\u00f3logos reconocidos a nivel internacional y con amplia experiencia participan en el Sexto Seminario \u201cOaxaca 2021\u201d en Derecho Constitucional. A un a\u00f1o del Centenario de la Constituci\u00f3n de Oaxaca de 1922, que se desarrolla durante dos d\u00edas en la modalidad virtual.<\/p>\n\n\n\n<p>Al inaugurar las actividades, el presidente del Tribunal Superior de Justicia y del Consejo de la Judicatura, Eduardo Pinacho S\u00e1nchez, enfatiz\u00f3 que es de suma importancia conocer a profundidad los problemas del pa\u00eds y de la sociedad mexicana, de la mano de especialistas destacados con una amplia experiencia profesional en la vida acad\u00e9mica, institucional y p\u00fablica.<\/p>\n\n\n\n<p>El Sexto Seminario \u201cOaxaca 2021\u201d en Derecho Constitucional se realiza en una colaboraci\u00f3n conjunta del Poder Judicial del Estado con la Facultad de Derecho y Ciencias Sociales de la Universidad Aut\u00f3noma \u201cBenito Ju\u00e1rez\u201d de Oaxaca (UABJO), el Instituto de Investigaciones Jur\u00eddicas de la Universidad Nacional Aut\u00f3noma de M\u00e9xico (UNAM) y el Instituto Iberoamericano de Derecho Constitucional.<\/p>\n\n\n\n<p>El encuentro, que concluye este viernes 16, se transmite a trav\u00e9s de la plataforma Facebook Live de la Facultad de Derecho y Ciencias Sociales de la UABJO y en el primer d\u00eda de trabajos, en la mesa de Igualdad intervino el jurista Jaime C\u00e1rdenas Gracia y en la de Derecho el doctor Alberto P\u00e9rez Day\u00e1n, ministro de la Suprema Corte de Justicia de la Naci\u00f3n.<\/p>\n\n\n\n<p>La polit\u00f3loga Flavia Freidenberg, estuvo a cargo de la mesa de Democracia y en la de Justicia, la jurista, Margarita Luna Ramos, ministra en retiro de la Suprema Corte de Justicia de la Naci\u00f3n (SCJN).<\/p>\n\n\n\n<p>Se cont\u00f3 tambi\u00e9n con la presencia del doctor Diego Valad\u00e9s R\u00edos y de Jos\u00e9 Mar\u00eda Serna de la Garza, presidente y vicepresidente, respectivamente, del Instituto Iberoamericano de Derecho Constitucional y del doctor Pedro Salazar Ugarte, director del Instituto de Investigaciones Jur\u00eddicas de la Universidad Nacional Aut\u00f3noma de M\u00e9xico (UNAM).<\/p>\n\n\n\n<p>En el 2022, la Constituci\u00f3n Pol\u00edtica del Estado Libre y Soberano de Oaxaca cumple 100 a\u00f1os; por este motivo, el Poder Judicial del Estado promueve una serie de actividades acad\u00e9micas para la conmemoraci\u00f3n de esta fecha relevante en la administraci\u00f3n de justicia.<\/p>\n\n\n\n<p>El programa del Sexto Seminario Oaxaca 2021 en Derecho Constitucional se puede seguir en el enlace: <a href=\"https:\/\/www.facebook.com\/COMUNICACIONSOCIALFDCSUABJO\/\">https:\/\/www.facebook.com\/COMUNICACIONSOCIALFDCSUABJO\/<\/a><\/p>\n","protected":false},"excerpt":{"rendered":"<p>Redacci\u00f3n\/Zona Roja. Oaxaca de Ju\u00e1rez, Oax., 17 de abril de 2021.- En cuatro mesas tem\u00e1ticas&hellip;<\/p>\n","protected":false},"author":2,"featured_media":26107,"comment_status":"closed","ping_status":"open","sticky":false,"template":"","format":"standard","meta":{"_lmt_disableupdate":"","_lmt_disable":"","_jetpack_memberships_contains_paid_content":false,"footnotes":""},"categories":[109,46],"tags":[223],"class_list":["post-26106","post","type-post","status-publish","format-standard","has-post-thumbnail","hentry","category-minuto-a-minuto","category-zona-blanca","tag-poder-judicial-de-oaxaca"],"jetpack_featured_media_url":"https:\/\/zonaroja.com.mx\/wp-content\/uploads\/2021\/04\/Realizan-seminario-virtual.jpg","jetpack_sharing_enabled":true,"_links":{"self":[{"href":"https:\/\/zonaroja.com.mx\/index.php?rest_route=\/wp\/v2\/posts\/26106","targetHints":{"allow":["GET"]}}],"collection":[{"href":"https:\/\/zonaroja.com.mx\/index.php?rest_route=\/wp\/v2\/posts"}],"about":[{"href":"https:\/\/zonaroja.com.mx\/index.php?rest_route=\/wp\/v2\/types\/post"}],"author":[{"embeddable":true,"href":"https:\/\/zonaroja.com.mx\/index.php?rest_route=\/wp\/v2\/users\/2"}],"replies":[{"embeddable":true,"href":"https:\/\/zonaroja.com.mx\/index.php?rest_route=%2Fwp%2Fv2%2Fcomments&post=26106"}],"version-history":[{"count":1,"href":"https:\/\/zonaroja.com.mx\/index.php?rest_route=\/wp\/v2\/posts\/26106\/revisions"}],"predecessor-version":[{"id":26108,"href":"https:\/\/zonaroja.com.mx\/index.php?rest_route=\/wp\/v2\/posts\/26106\/revisions\/26108"}],"wp:featuredmedia":[{"embeddable":true,"href":"https:\/\/zonaroja.com.mx\/index.php?rest_route=\/wp\/v2\/media\/26107"}],"wp:attachment":[{"href":"https:\/\/zonaroja.com.mx\/index.php?rest_route=%2Fwp%2Fv2%2Fmedia&parent=26106"}],"wp:term":[{"taxonomy":"category","embeddable":true,"href":"https:\/\/zonaroja.com.mx\/index.php?rest_route=%2Fwp%2Fv2%2Fcategories&post=26106"},{"taxonomy":"post_tag","embeddable":true,"href":"https:\/\/zonaroja.com.mx\/index.php?rest_route=%2Fwp%2Fv2%2Ftags&post=26106"}],"curies":[{"name":"wp","href":"https:\/\/api.w.org\/{rel}","templated":true}]}}