{"id":26114,"date":"2021-04-17T12:30:04","date_gmt":"2021-04-17T17:30:04","guid":{"rendered":"http:\/\/www.zonaroja.com.mx\/?p=26114"},"modified":"2021-04-17T12:30:08","modified_gmt":"2021-04-17T17:30:08","slug":"realizan-cuarto-operativo-en-busca-de-claudia-no-hay-ningun-resultado-positivo","status":"publish","type":"post","link":"https:\/\/zonaroja.com.mx\/?p=26114","title":{"rendered":"Realizan cuarto operativo en busca de Claudia; no hay ning\u00fan resultado positivo"},"content":{"rendered":"\n<p>Redacci\u00f3n\/Zona Roja.<\/p>\n\n\n\n<p>Oaxaca de Ju\u00e1rez, Oax., 17 de abril de 2021.- La Fiscal\u00eda General del Estado de Oaxaca coordin\u00f3 un cuarto operativo en busca de Claudia Uruchurtu Cruz o de sus restos, en jurisdicci\u00f3n de Asunci\u00f3n Nochixtl\u00e1n.<\/p>\n\n\n\n<p>Es el segundo que efect\u00faa en coordinaci\u00f3n con fuerzas federales y la Comisi\u00f3n Nacional de B\u00fasqueda; pero a m\u00e1s de tres semanas de la desaparici\u00f3n de la activista, no hay ning\u00fan resultado positivo.<\/p>\n\n\n\n<p>En estaesta acci\u00f3n de rastreo tomaron parte las v\u00edctimas indirectas de Claudia Uruchurtu Cruz, es decir sus familiares, dos de las cuales tienen nacionalidad brit\u00e1nica y mexicana.<\/p>\n\n\n\n<p>De acuerdo con un comunicado de la Fiscal\u00eda, elementos de la Unidad Especializada de Desaparici\u00f3n Forzada de dicha instituci\u00f3n, en colaboraci\u00f3n con la Comisi\u00f3n Nacional de B\u00fasqueda (CNB), llevaron a cabo la segunda etapa del plan de b\u00fasqueda de la ciudadana Claudia Uruchurtu Cruz, desaparecida el 26 de marzo de 2021, en Asunci\u00f3n Nochixtl\u00e1n.<\/p>\n\n\n\n<p>Esta fase de b\u00fasqueda y exploraci\u00f3n contempl\u00f3 recorridos por diferentes parajes y ca\u00f1adas, adem\u00e1s de la inspecci\u00f3n de los panteones de Asunci\u00f3n Nochixtl\u00e1n, de la localidad de San Pedro Quilitongo, mientras que en Huajuapan de Le\u00f3n se realiz\u00f3 un fotovolanteo en diversos puntos de esta localidad.<\/p>\n\n\n\n<figure class=\"wp-block-embed-twitter wp-block-embed is-type-rich is-provider-twitter\"><div class=\"wp-block-embed__wrapper\">\n<div class=\"twitter-tweet\"><blockquote class=\"twitter-tweet\" data-lang=\"es\"><p lang=\"es\" dir=\"ltr\">Ejecutamos segunda etapa del plan de b\u00fasqueda<br>de Claudia Uruchurtu Cruz: <a href=\"https:\/\/twitter.com\/FISCALIA_GobOax?ref_src=twsrc%5Etfw\">@FISCALIA_GobOax<\/a> <a href=\"https:\/\/twitter.com\/PeimbertArturo?ref_src=twsrc%5Etfw\">@PeimbertArturo<\/a><a href=\"https:\/\/twitter.com\/SEGOB_mx?ref_src=twsrc%5Etfw\">@SEGOB_mx<\/a><a href=\"https:\/\/twitter.com\/Busqueda_MX?ref_src=twsrc%5Etfw\">@Busqueda_MX<\/a><a href=\"https:\/\/twitter.com\/brigadabuscando?ref_src=twsrc%5Etfw\">@brigadabuscando<\/a><a href=\"https:\/\/twitter.com\/GN_MEXICO_?ref_src=twsrc%5Etfw\">@GN_MEXICO_<\/a><a href=\"https:\/\/twitter.com\/SEDENAmx?ref_src=twsrc%5Etfw\">@SEDENAmx<\/a><a href=\"https:\/\/twitter.com\/alejandromurat?ref_src=twsrc%5Etfw\">@alejandromurat<\/a> <a href=\"https:\/\/t.co\/OGNdYWqAcu\">pic.twitter.com\/OGNdYWqAcu<\/a><\/p>&mdash; Fiscal\u00eda General (@FISCALIA_GobOax) <a href=\"https:\/\/twitter.com\/FISCALIA_GobOax\/status\/1383465342010216448?ref_src=twsrc%5Etfw\">17 de abril de 2021<\/a><\/blockquote><\/div>\n<\/div><\/figure>\n\n\n\n<p>\u201cLa b\u00fasqueda y localizaci\u00f3n de personas reportadas como desaparecidas, es una prioridad para la Fiscal\u00eda General, llevando a cabo las diligencias correspondientes con estricto apego a los protocolos internacionales\u201d, detall\u00f3 en su bolet\u00edn.<\/p>\n\n\n\n<p>En el operativo efectuado ayer particip\u00f3 personal de la Secretar\u00eda de Gobernaci\u00f3n, la Agencia Estatal de Investigaciones, la Guardia Nacional, la Secretar\u00eda de la Defensa Nacional y binomios caninos de la Secretar\u00eda de Seguridad P\u00fablica.<\/p>\n","protected":false},"excerpt":{"rendered":"<p>Redacci\u00f3n\/Zona Roja. Oaxaca de Ju\u00e1rez, Oax., 17 de abril de 2021.- La Fiscal\u00eda General del&hellip;<\/p>\n","protected":false},"author":2,"featured_media":26115,"comment_status":"closed","ping_status":"open","sticky":false,"template":"","format":"standard","meta":{"_lmt_disableupdate":"","_lmt_disable":"","_jetpack_memberships_contains_paid_content":false,"footnotes":""},"categories":[109,47],"tags":[2582],"class_list":["post-26114","post","type-post","status-publish","format-standard","has-post-thumbnail","hentry","category-minuto-a-minuto","category-zona-gris","tag-claudia-uruchurtu-cruz"],"jetpack_featured_media_url":"https:\/\/zonaroja.com.mx\/wp-content\/uploads\/2021\/04\/Fiscalia-busqueda-Claudia-Uruchurtu.jpg","jetpack_sharing_enabled":true,"_links":{"self":[{"href":"https:\/\/zonaroja.com.mx\/index.php?rest_route=\/wp\/v2\/posts\/26114","targetHints":{"allow":["GET"]}}],"collection":[{"href":"https:\/\/zonaroja.com.mx\/index.php?rest_route=\/wp\/v2\/posts"}],"about":[{"href":"https:\/\/zonaroja.com.mx\/index.php?rest_route=\/wp\/v2\/types\/post"}],"author":[{"embeddable":true,"href":"https:\/\/zonaroja.com.mx\/index.php?rest_route=\/wp\/v2\/users\/2"}],"replies":[{"embeddable":true,"href":"https:\/\/zonaroja.com.mx\/index.php?rest_route=%2Fwp%2Fv2%2Fcomments&post=26114"}],"version-history":[{"count":1,"href":"https:\/\/zonaroja.com.mx\/index.php?rest_route=\/wp\/v2\/posts\/26114\/revisions"}],"predecessor-version":[{"id":26116,"href":"https:\/\/zonaroja.com.mx\/index.php?rest_route=\/wp\/v2\/posts\/26114\/revisions\/26116"}],"wp:featuredmedia":[{"embeddable":true,"href":"https:\/\/zonaroja.com.mx\/index.php?rest_route=\/wp\/v2\/media\/26115"}],"wp:attachment":[{"href":"https:\/\/zonaroja.com.mx\/index.php?rest_route=%2Fwp%2Fv2%2Fmedia&parent=26114"}],"wp:term":[{"taxonomy":"category","embeddable":true,"href":"https:\/\/zonaroja.com.mx\/index.php?rest_route=%2Fwp%2Fv2%2Fcategories&post=26114"},{"taxonomy":"post_tag","embeddable":true,"href":"https:\/\/zonaroja.com.mx\/index.php?rest_route=%2Fwp%2Fv2%2Ftags&post=26114"}],"curies":[{"name":"wp","href":"https:\/\/api.w.org\/{rel}","templated":true}]}}