{"id":26117,"date":"2021-04-17T17:21:10","date_gmt":"2021-04-17T22:21:10","guid":{"rendered":"http:\/\/www.zonaroja.com.mx\/?p=26117"},"modified":"2021-04-17T17:21:14","modified_gmt":"2021-04-17T22:21:14","slug":"teeo-batea-a-dante-montano-con-impugnacion-tendra-que-esperar-resolucion-de-ieepco","status":"publish","type":"post","link":"https:\/\/zonaroja.com.mx\/?p=26117","title":{"rendered":"TEEO \u201cbatea\u201d a Dante Monta\u00f1o con impugnaci\u00f3n; tendr\u00e1 que esperar resoluci\u00f3n de IEEPCO"},"content":{"rendered":"\n<p>Yuridiana Sosa\/Zona Roja.<\/p>\n\n\n\n<p>Oaxaca de Ju\u00e1rez, Oax., 17 de abril de 2021.- Dante Monta\u00f1o Montero, edil de Santa Luc\u00eda del Camino y aspirante a candidato para la reelecci\u00f3n del cargo, deber\u00e1 esperar a que el Instituto Estatal Electoral y de Participaci\u00f3n Ciudadana de Oaxaca (IEEPCO) revise y resuelva si su inscripci\u00f3n pasa, pues a\u00fan se encuentra en el registro de Personas Sancionadas por Violencia Pol\u00edtica contra las Mujeres en Raz\u00f3n de G\u00e9nero.<\/p>\n\n\n\n<p>Lo anterior luego que este viernes, el Tribunal Electoral del Estado de Oaxaca (TEEO) declar\u00f3 infundados los agravios expuestos por Monta\u00f1o Montero y da a raz\u00f3n al IEEPCO sobre la resoluci\u00f3n previa establecida en el acuerdo al expediente IEEPCO-CG-32\/2021.<\/p>\n\n\n\n<p>El presidente de Santa Luc\u00eda del Camino interpuso una queja ante el TEEO luego que el IEEPCO respondi\u00f3 al interesado el 18 de marzo que no podr\u00eda resolver sobre si pod\u00eda ser o no candidato a presidente municipal y a diputado local, pues \u201cno era el momento procesal oportuno para atender su manifestaci\u00f3n\u201d, pues en ese entonces el actor a\u00fan no contaba con la calidad de aspirante a ser candidato.<\/p>\n\n\n\n<p>Dante Monta\u00f1o interpuso esa solicitud a sabiendas que desde junio de 2020 el IEEPCO lo ingres\u00f3 a la lista de personas Sancionadas por Violencia Pol\u00edtica contra las Mujeres en Raz\u00f3n de G\u00e9nero, con la sanci\u00f3n de: \u201cInscripci\u00f3n al ciudadano Dante Monta\u00f1o Montero, al presente registro por ejercer violencia pol\u00edtica en raz\u00f3n de g\u00e9nero mismo que ser\u00e1 tomado en cuenta para pr\u00f3ximo proceso electoral ordinario 2020-2021\u201d.<\/p>\n\n\n\n<p>En la resoluci\u00f3n reciente, el TEEO explic\u00f3 que \u201cdeclara infundados los agravios hechos valer por el actor -Dante Monta\u00f1o-, pues no pregunt\u00f3 expl\u00edcitamente sobre su derecho de ser votado, por el contrario, bas\u00f3 su consulta de forma gen\u00e9rica en relaci\u00f3n a la privaci\u00f3n de los derechos pol\u00edtico electorales, en virtud de estar inscrito en la lista de personas sancionadas por ejercer violencia pol\u00edtica en raz\u00f3n de g\u00e9nero, cuesti\u00f3n que fue debidamente atendida\u201d.<\/p>\n\n\n\n<p>El IEEPCO se encuentra en proceso de revisi\u00f3n de las inscripciones de aspirantes, por lo que hasta el momento ha establecido como plazo para resolver el 23 de abril para las candidaturas a diputaciones y el 3 de mayo para las candidaturas a las concejal\u00edas a los ayuntamientos.<\/p>\n\n\n\n<p>De no ser aprobada la candidatura de Monta\u00f1o Montero, el Partido del Trabajo, se quedar\u00eda sin candidato.<\/p>\n","protected":false},"excerpt":{"rendered":"<p>Yuridiana Sosa\/Zona Roja. Oaxaca de Ju\u00e1rez, Oax., 17 de abril de 2021.- Dante Monta\u00f1o Montero,&hellip;<\/p>\n","protected":false},"author":2,"featured_media":24688,"comment_status":"closed","ping_status":"open","sticky":false,"template":"","format":"standard","meta":{"_lmt_disableupdate":"","_lmt_disable":"","_jetpack_memberships_contains_paid_content":false,"footnotes":""},"categories":[109,47],"tags":[585],"class_list":["post-26117","post","type-post","status-publish","format-standard","has-post-thumbnail","hentry","category-minuto-a-minuto","category-zona-gris","tag-dante-montano-montero"],"jetpack_featured_media_url":"https:\/\/zonaroja.com.mx\/wp-content\/uploads\/2021\/03\/Dante-Montano-Montero-2.jpg","jetpack_sharing_enabled":true,"_links":{"self":[{"href":"https:\/\/zonaroja.com.mx\/index.php?rest_route=\/wp\/v2\/posts\/26117","targetHints":{"allow":["GET"]}}],"collection":[{"href":"https:\/\/zonaroja.com.mx\/index.php?rest_route=\/wp\/v2\/posts"}],"about":[{"href":"https:\/\/zonaroja.com.mx\/index.php?rest_route=\/wp\/v2\/types\/post"}],"author":[{"embeddable":true,"href":"https:\/\/zonaroja.com.mx\/index.php?rest_route=\/wp\/v2\/users\/2"}],"replies":[{"embeddable":true,"href":"https:\/\/zonaroja.com.mx\/index.php?rest_route=%2Fwp%2Fv2%2Fcomments&post=26117"}],"version-history":[{"count":1,"href":"https:\/\/zonaroja.com.mx\/index.php?rest_route=\/wp\/v2\/posts\/26117\/revisions"}],"predecessor-version":[{"id":26118,"href":"https:\/\/zonaroja.com.mx\/index.php?rest_route=\/wp\/v2\/posts\/26117\/revisions\/26118"}],"wp:featuredmedia":[{"embeddable":true,"href":"https:\/\/zonaroja.com.mx\/index.php?rest_route=\/wp\/v2\/media\/24688"}],"wp:attachment":[{"href":"https:\/\/zonaroja.com.mx\/index.php?rest_route=%2Fwp%2Fv2%2Fmedia&parent=26117"}],"wp:term":[{"taxonomy":"category","embeddable":true,"href":"https:\/\/zonaroja.com.mx\/index.php?rest_route=%2Fwp%2Fv2%2Fcategories&post=26117"},{"taxonomy":"post_tag","embeddable":true,"href":"https:\/\/zonaroja.com.mx\/index.php?rest_route=%2Fwp%2Fv2%2Ftags&post=26117"}],"curies":[{"name":"wp","href":"https:\/\/api.w.org\/{rel}","templated":true}]}}