{"id":2612,"date":"2019-07-29T15:56:04","date_gmt":"2019-07-29T20:56:04","guid":{"rendered":"http:\/\/www.zonaroja.com.mx\/?p=2612"},"modified":"2019-07-29T15:56:07","modified_gmt":"2019-07-29T20:56:07","slug":"empana-antorcha-campesina-guelaguetza-acusa-de-incapaz-al-gobierno-de-oaxaca","status":"publish","type":"post","link":"https:\/\/zonaroja.com.mx\/?p=2612","title":{"rendered":"Empa\u00f1a Antorcha Campesina Guelaguetza; acusa de incapaz al gobierno de Oaxaca"},"content":{"rendered":"\n<p>Redacci\u00f3n<\/p>\n\n\n\n<p>Oaxaca de Ju\u00e1rez, Oax., 29 de julio de\n2019.- En el marco del segundo Lunes del Cerro, decenas militantes de Antorcha\nCampesina marcharon por las principales calles de la ciudad de Oaxaca, tal y\ncomo lo hicieran la semana pasada durante el arranque de las festividades de la\nGuelaguetza.<\/p>\n\n\n\n<p>Dimas Romero Gonz\u00e1lez, dirigente de la\norganizaci\u00f3n en la entidad, asegur\u00f3 que el gobierno que encabeza Alejandro\nMurat es incapaz de resolver las necesidades de la poblaci\u00f3n y de atender con\nurgencia el reclamo y las exigencias de soluci\u00f3n de diversas problem\u00e1ticas, de\nforma espec\u00edfica las que tienen que ver con cubrir las necesidades b\u00e1sicas de\nla poblaci\u00f3n.<\/p>\n\n\n\n<p>Explic\u00f3 que pese a que existe di\u00e1logo\ncon las autoridades, \u00e9ste \u00fanicamente es para reconocer la existencia de la\nproblem\u00e1tica y no para plantear soluciones que permitan un resolver las\ncarencias tan extremas que tienen las y los oaxaque\u00f1as, de forma particular en\nlas comunidades ind\u00edgenas.<\/p>\n\n\n\n<p>\u201cEsta manifestaci\u00f3n es una muestra,\ncomo muchas otras, de que la clase gobernantes no est\u00e1 a la altura de las\ncircunstancias y los tiempos pol\u00edticos que vive el pa\u00eds\u201d, indic\u00f3.<\/p>\n\n\n\n<p>Romero Gonz\u00e1lez detall\u00f3 que debido a la\ncantidad de bloqueos y manifestaciones que se registran en la entidad, Oaxaca\nse ubica en el primer lugar a nivel nacional en protesta social, lo cual es\nmuestra de la inoperatividad de quienes gobiernan para atender los altos\n\u00edndices de pobreza.<\/p>\n\n\n\n<p>Los antorchistas, filiales al Partido Revolucionario Institucional, se concentraron a la altura del mercado zonal de Santa Rosa Panzacola, de donde partieron alrededor de las 10 de la ma\u00f1ana hacia el z\u00f3calo capitalino, donde prev\u00e9n instalar un \u201cplant\u00f3n\u201d indefinido en caso de que el gobierno estatal no atienda sus demandas sociales.<\/p>\n\n\n\n<figure class=\"wp-block-embed-twitter wp-block-embed is-type-rich is-provider-twitter\"><div class=\"wp-block-embed__wrapper\">\n<div class=\"twitter-tweet\"><blockquote class=\"twitter-tweet\" data-lang=\"es\"><p lang=\"es\" dir=\"ltr\"><a href=\"https:\/\/twitter.com\/hashtag\/OaxacaGris?src=hash&amp;ref_src=twsrc%5Etfw\">#OaxacaGris<\/a><br>Al igual que la semana pasada, militantes de <a href=\"https:\/\/twitter.com\/AntorchaOficial?ref_src=twsrc%5Etfw\">@AntorchaOficial<\/a> de Oaxaca marcharon hoy en la capital en el marco de las fiestas de la <a href=\"https:\/\/twitter.com\/hashtag\/Guelaguetza2019?src=hash&amp;ref_src=twsrc%5Etfw\">#Guelaguetza2019<\/a>, para denunciar nula atenci\u00f3n del <a href=\"https:\/\/twitter.com\/GobOax?ref_src=twsrc%5Etfw\">@goboax<\/a> a sus demandas. <a href=\"https:\/\/t.co\/LwyeoovPVO\">pic.twitter.com\/LwyeoovPVO<\/a><\/p>&mdash; Zona Roja Oaxaca (@MexRoja) <a href=\"https:\/\/twitter.com\/MexRoja\/status\/1155943087744569344?ref_src=twsrc%5Etfw\">29 de julio de 2019<\/a><\/blockquote><\/div>\n<\/div><\/figure>\n","protected":false},"excerpt":{"rendered":"<p>Redacci\u00f3n Oaxaca de Ju\u00e1rez, Oax., 29 de julio de 2019.- En el marco del segundo&hellip;<\/p>\n","protected":false},"author":2,"featured_media":2613,"comment_status":"closed","ping_status":"open","sticky":false,"template":"","format":"standard","meta":{"_lmt_disableupdate":"","_lmt_disable":"","_jetpack_memberships_contains_paid_content":false,"footnotes":""},"categories":[109,47],"tags":[423],"class_list":["post-2612","post","type-post","status-publish","format-standard","has-post-thumbnail","hentry","category-minuto-a-minuto","category-zona-gris","tag-protesta-antorcha-campesina-guelaguetza-oaxaca"],"jetpack_featured_media_url":"https:\/\/zonaroja.com.mx\/wp-content\/uploads\/2019\/07\/d9454d25-1f53-48d7-b22b-414c8ca04f48.jpg","jetpack_sharing_enabled":true,"_links":{"self":[{"href":"https:\/\/zonaroja.com.mx\/index.php?rest_route=\/wp\/v2\/posts\/2612","targetHints":{"allow":["GET"]}}],"collection":[{"href":"https:\/\/zonaroja.com.mx\/index.php?rest_route=\/wp\/v2\/posts"}],"about":[{"href":"https:\/\/zonaroja.com.mx\/index.php?rest_route=\/wp\/v2\/types\/post"}],"author":[{"embeddable":true,"href":"https:\/\/zonaroja.com.mx\/index.php?rest_route=\/wp\/v2\/users\/2"}],"replies":[{"embeddable":true,"href":"https:\/\/zonaroja.com.mx\/index.php?rest_route=%2Fwp%2Fv2%2Fcomments&post=2612"}],"version-history":[{"count":1,"href":"https:\/\/zonaroja.com.mx\/index.php?rest_route=\/wp\/v2\/posts\/2612\/revisions"}],"predecessor-version":[{"id":2614,"href":"https:\/\/zonaroja.com.mx\/index.php?rest_route=\/wp\/v2\/posts\/2612\/revisions\/2614"}],"wp:featuredmedia":[{"embeddable":true,"href":"https:\/\/zonaroja.com.mx\/index.php?rest_route=\/wp\/v2\/media\/2613"}],"wp:attachment":[{"href":"https:\/\/zonaroja.com.mx\/index.php?rest_route=%2Fwp%2Fv2%2Fmedia&parent=2612"}],"wp:term":[{"taxonomy":"category","embeddable":true,"href":"https:\/\/zonaroja.com.mx\/index.php?rest_route=%2Fwp%2Fv2%2Fcategories&post=2612"},{"taxonomy":"post_tag","embeddable":true,"href":"https:\/\/zonaroja.com.mx\/index.php?rest_route=%2Fwp%2Fv2%2Ftags&post=2612"}],"curies":[{"name":"wp","href":"https:\/\/api.w.org\/{rel}","templated":true}]}}