{"id":26128,"date":"2021-04-18T09:00:26","date_gmt":"2021-04-18T14:00:26","guid":{"rendered":"http:\/\/www.zonaroja.com.mx\/?p=26128"},"modified":"2021-04-17T22:08:11","modified_gmt":"2021-04-18T03:08:11","slug":"toledo-ve-a-espana-con-exposicion-en-casa-mexico","status":"publish","type":"post","link":"https:\/\/zonaroja.com.mx\/?p=26128","title":{"rendered":"\u201cToledo ve\u201d a Espa\u00f1a, con exposici\u00f3n en Casa M\u00e9xico"},"content":{"rendered":"\n<p>Redacci\u00f3n\/Zona Roja.<\/p>\n\n\n\n<p>Oaxaca de Ju\u00e1rez, Oax., 18 de abril de 2021.- Del 29 de abril al 19 de septiembre de 2021, el p\u00fablico espa\u00f1ol podr\u00e1 conocer las obras del afamado artista pl\u00e1stico en la Casa de M\u00e9xico en Espa\u00f1a, en la exposici\u00f3n \u201cToledo ve\u201d, integrada con m\u00e1s de 600 piezas.<\/p>\n\n\n\n<p>Francisco Toledo (1940-2019) es uno de los artistas m\u00e1s destacados de M\u00e9xico. A lo largo de su carrera, hizo una exploraci\u00f3n constante en el dise\u00f1o de objetos inspirado en la observaci\u00f3n de lo cotidiano en su vida.<\/p>\n\n\n\n<p>Casa de M\u00e9xico en Espa\u00f1a presenta esta exposici\u00f3n en conjunto con la asociaci\u00f3n civil Amigos del Instituto de Artes Gr\u00e1ficas de Oaxaca y del Centro Fotogr\u00e1fico Manuel \u00c1lvarez Bravo.<\/p>\n\n\n\n<p>Con una superficie de m\u00e1s de 700 metros cuadrados, se despliega una gran muestra del trabajo de uno de los artistas m\u00e1s reconocidos y con proyecci\u00f3n internacional del arte contempor\u00e1neo mexicano.<\/p>\n\n\n\n<p>\u201cToledo Ve\u201d es una muestra que re\u00fane m\u00e1s de 600 piezas que van desde objetos utilitarios y decorativos que revelan experiencias personales del artista, hasta intervenciones de espacios que responden a acontecimientos sociales del pa\u00eds.<\/p>\n\n\n\n<p>En una de sus \u00faltimas entrevistas, el artista coment\u00f3 que aprendi\u00f3 de dise\u00f1o gracias a sus visitas en los mercados de Oaxaca. Record\u00f3 tambi\u00e9n, que su abuelo Benjam\u00edn para hacer zapatos ten\u00eda agujas y leznas. Su abuelo Gil, quien mataba cochinos, ten\u00eda balanzas, porque el chicharr\u00f3n que vend\u00eda lo pesaba en balanzas romanas que estaban hechas en su pueblo.<\/p>\n\n\n\n<p>\u201c\u2026fueron mis primeras lecciones de est\u00e9tica, pero tambi\u00e9n recuerdo los instrumentos que utilizaban mis abuelos en su trabajo. Eran objetos que me llamaban la atenci\u00f3n, as\u00ed como la caja donde la abuela guardaba el dinero cuando estaba en el mercado vendiendo, a ella se le llenaban las manos de grasa, entonces cuando cobraba, se limpiaba en su caja, esa caja estaba tan impregnada de grasa que ten\u00eda un brillo muy especial, me llamaba la atenci\u00f3n el acabado que era una maravilla\u201d: Francisco Toledo. 2019.<\/p>\n\n\n\n<p>\u201cToledo Ve\u201d es una exposici\u00f3n comisariada por el propio Francisco Toledo y busca despertar la curiosidad del espectador invit\u00e1ndolo a observar cada pieza, a identificar materiales y t\u00e9cnicas que lleven a descubrir el mundo como el artista lo ve\u00eda.<\/p>\n\n\n\n<p>La muestra explora y subvierte los l\u00edmites entre arte, artesan\u00eda y dise\u00f1o. En las obras se aprecia una amplia variedad de t\u00e9cnicas y materiales que van desde el dibujo y el grabado hasta la acci\u00f3n comunitaria. En la gr\u00e1fica intervenida y la elaboraci\u00f3n de objetos, se puede identificar piel, plata, textiles, vidrio y fibras naturales, entre otros, trabajados siempre con un enorme respeto a la naturaleza.<\/p>\n\n\n\n<p>Francisco Toledo trabaj\u00f3 con diversos proyectos colaborativos dirigidos a diversos sectores de la sociedad e inspirados en diversas t\u00e9cnicas y tem\u00e1ticas:<\/p>\n\n\n\n<p>&#8211; Infantil. Los visitantes apreciar\u00e1n dibujos que han ilustrado cuentos, portadas de libros, discos y materiales did\u00e1cticos en un espacio lleno de color dedicado a los peque\u00f1os.<\/p>\n\n\n\n<p>&#8211; Joyer\u00eda. Toledo a dise\u00f1ado piezas de joyer\u00eda con materiales que van desde radiograf\u00edas hasta piel, cuero y oro, y que est\u00e1 inspirada en la fauna local del Istmo de Tehuantepec, con animales como cangrejos, monos, peces, chapulines o<\/p>\n\n\n\n<p>saltamontes, perros y lagartos.<\/p>\n\n\n\n<p>&#8211; Talleres artesanales. Los visitantes podr\u00e1n identificar el trabajo que el artista desarroll\u00f3 con distintos talleres artesanales, como los tapices realizados en el Taller de Afelpado del Centro de las Artes de San Agust\u00edn (CaSa) y los dise\u00f1os de azulejo hidr\u00e1ulico elaborados por el Taller Arte y Decoraci\u00f3n.<\/p>\n\n\n\n<p>&#8211; Azulejo hidr\u00e1ulico. El artista realiz\u00f3 dise\u00f1os con este material e invit\u00f3 a m\u00e1s artistas a proponer los suyos y as\u00ed reactivar esta t\u00e9cnica artesanal, los cuales se pueden apreciar en la exposici\u00f3n<\/p>\n\n\n\n<p>Tambi\u00e9n se incluyen obras donde se ve el compromiso que el maestro Toledo ten\u00eda con distintas causas sociales, una de ellas la defensa del ma\u00edz nativo.<\/p>\n\n\n\n<p>\u201cEn cualquier soporte, tem\u00e1tica o escala, la obra de Francisco Toledo se caracteriza por ser propositiva, original y comprometida con su entorno natural, social y pol\u00edtico. Esto lo convierte en un artista \u00fanico e imposible de clasificar dentro de un estilo o movimiento.<\/p>\n\n\n\n<p>\u201cEn M\u00e9xico el maestro Toledo es un referente moral y cultural: su distintivo lenguaje pl\u00e1stico estuvo siempre acompa\u00f1ado de una ardua labor en favor de la justicia social, el respeto al campo y a la ecolog\u00eda, as\u00ed como la preservaci\u00f3n del patrimonio cultural de los pueblos originarios de su natal Oaxaca y del pa\u00eds en general\u201d: Ximena Caraza Campos.<\/p>\n\n\n\n<p>Adicionalmente, Casa de M\u00e9xico integra diversas actividades en un programa que busca ampliar el conocimiento sobre el maestro Toledo e invita a los distintos p\u00fablicos que visitan el recinto, a tener una experiencia m\u00e1s interactiva con el trabajo y obra del artista.<\/p>\n\n\n\n<p>Este programa consta de: visitas guiadas, talleres sobre la t\u00e9cnica del afelpado, creaci\u00f3n de papalotes (cometas), cuentacuentos inspirados en mitos y leyendas oaxaque\u00f1as, proyecciones documentales y conferencias impartidas por especialistas que abordan diversos \u00e1ngulos de las aportaciones de Francisco Toledo en el arte.<\/p>\n\n\n\n<p>Estas actividades son dirigidas a visitantes de todas las edades y se llevar\u00e1n a cabo en formato digital y presencial durante el periodo que se presente la exposici\u00f3n a trav\u00e9s de nuestras redes sociales y sitio web.<\/p>\n\n\n\n<p>\u201cToledo ve\u201d constituye una gran oportunidad para el p\u00fablico espa\u00f1ol de admirar y vivir la obra de Francisco Toledo. Desde su exposici\u00f3n individual en el a\u00f1o 2000 en el Museo Reina Sof\u00eda, no se hab\u00eda presentado en Espa\u00f1a.<\/p>\n\n\n\n<p>El t\u00edtulo de la exposici\u00f3n es una invitaci\u00f3n a compartir la mirada del artista. La manera en la que vio el mundo nos permite aproximarnos a su singular universo creativo. Francisco Toledo muri\u00f3 en la capital de su estado natal, Oaxaca el cinco de septiembre de 2019, s\u00f3lo dos meses despu\u00e9s de la inauguraci\u00f3n de esta exposici\u00f3n en la Ciudad de M\u00e9xico.<\/p>\n\n\n\n<p>Para Casa de M\u00e9xico en Espa\u00f1a es motivo de orgullo presentar una muestra del enorme legado de este extraordinario artista, promotor cultural y activista comprometido con las culturas originarias y los recursos naturales.<\/p>\n","protected":false},"excerpt":{"rendered":"<p>Redacci\u00f3n\/Zona Roja. Oaxaca de Ju\u00e1rez, Oax., 18 de abril de 2021.- Del 29 de abril&hellip;<\/p>\n","protected":false},"author":2,"featured_media":26129,"comment_status":"closed","ping_status":"open","sticky":false,"template":"","format":"standard","meta":{"_lmt_disableupdate":"","_lmt_disable":"","_jetpack_memberships_contains_paid_content":false,"footnotes":""},"categories":[109,46],"tags":[677],"class_list":["post-26128","post","type-post","status-publish","format-standard","has-post-thumbnail","hentry","category-minuto-a-minuto","category-zona-blanca","tag-francisco-toledo"],"jetpack_featured_media_url":"https:\/\/zonaroja.com.mx\/wp-content\/uploads\/2021\/04\/Francisco-Toledo-exposicion-Espana.jpg","jetpack_sharing_enabled":true,"_links":{"self":[{"href":"https:\/\/zonaroja.com.mx\/index.php?rest_route=\/wp\/v2\/posts\/26128","targetHints":{"allow":["GET"]}}],"collection":[{"href":"https:\/\/zonaroja.com.mx\/index.php?rest_route=\/wp\/v2\/posts"}],"about":[{"href":"https:\/\/zonaroja.com.mx\/index.php?rest_route=\/wp\/v2\/types\/post"}],"author":[{"embeddable":true,"href":"https:\/\/zonaroja.com.mx\/index.php?rest_route=\/wp\/v2\/users\/2"}],"replies":[{"embeddable":true,"href":"https:\/\/zonaroja.com.mx\/index.php?rest_route=%2Fwp%2Fv2%2Fcomments&post=26128"}],"version-history":[{"count":1,"href":"https:\/\/zonaroja.com.mx\/index.php?rest_route=\/wp\/v2\/posts\/26128\/revisions"}],"predecessor-version":[{"id":26130,"href":"https:\/\/zonaroja.com.mx\/index.php?rest_route=\/wp\/v2\/posts\/26128\/revisions\/26130"}],"wp:featuredmedia":[{"embeddable":true,"href":"https:\/\/zonaroja.com.mx\/index.php?rest_route=\/wp\/v2\/media\/26129"}],"wp:attachment":[{"href":"https:\/\/zonaroja.com.mx\/index.php?rest_route=%2Fwp%2Fv2%2Fmedia&parent=26128"}],"wp:term":[{"taxonomy":"category","embeddable":true,"href":"https:\/\/zonaroja.com.mx\/index.php?rest_route=%2Fwp%2Fv2%2Fcategories&post=26128"},{"taxonomy":"post_tag","embeddable":true,"href":"https:\/\/zonaroja.com.mx\/index.php?rest_route=%2Fwp%2Fv2%2Ftags&post=26128"}],"curies":[{"name":"wp","href":"https:\/\/api.w.org\/{rel}","templated":true}]}}