{"id":26142,"date":"2021-04-18T07:55:04","date_gmt":"2021-04-18T12:55:04","guid":{"rendered":"http:\/\/www.zonaroja.com.mx\/?p=26142"},"modified":"2021-04-18T07:55:07","modified_gmt":"2021-04-18T12:55:07","slug":"fiscalia-si-actuo-con-dolo-en-caso-de-maria-del-sol-buscaran-juicio-contra-vasconcelos","status":"publish","type":"post","link":"https:\/\/zonaroja.com.mx\/?p=26142","title":{"rendered":"Fiscal\u00eda s\u00ed actu\u00f3 con dolo en caso de Mar\u00eda del Sol, buscar\u00e1n juicio contra Vasconcelos&nbsp;"},"content":{"rendered":"\n<p>Evlin Arag\u00f3n\/Zona Roja.<\/p>\n\n\n\n<p>Oaxaca de Ju\u00e1rez, Oax., 18 de abril de 2021.- A casi tres a\u00f1os del asesinato de Mar\u00eda del Sol Cruz Jarqu\u00edn y 23 meses de la detenci\u00f3n del \u00fanico indiciado por el hecho, el pasado mi\u00e9rcoles 14 de abril se llev\u00f3 a cabo la audiencia intermedia y con ello se dio inicio a la etapa de juicio, en el Tribunal Superior de Justicia, en contra Jos\u00e9 Eduardo H.C., por el delito de homicidio calificado.&nbsp;<\/p>\n\n\n\n<p>As\u00ed lo dio a conocer la periodista Soledad Jarqu\u00edn Edgar, quien asegur\u00f3 que lo anterior responde a la enorme dilaci\u00f3n en el caso, por \u00f3rdenes de Rub\u00e9n Vasconcelos M\u00e9ndez, quien fungiera como fiscal hasta hace unos meses en la entidad, y quien p\u00fablicamente se comprometi\u00f3 a hacer justicia a la joven fot\u00f3grafa asesinada.&nbsp;<\/p>\n\n\n\n<p>\u201cEl tiempo nos ha dado la raz\u00f3n, hemos comprobado que el ex fiscal Rub\u00e9n Vasconcelos actu\u00f3 con dolo y orden\u00f3 la dilaci\u00f3n en el caso con tal de proteger a los responsables. Tengo las pruebas en la mano, por eso lo afirm\u00f3 con todas sus letras\u201d, dijo la periodista a ZONA ROJA.&nbsp;<\/p>\n\n\n\n<p>De ah\u00ed que independientemente de continuar con su lucha para dar con el paradero de los agresores de Mar\u00eda de Sol y que sean castigados con todo el peso de la ley, reactivar\u00e1 las denuncias que previamente, en el 2019, interpuso ante la Fiscal\u00eda Anticorrupci\u00f3n en contra del ex fiscal, quien considera debe ir a juicio.&nbsp;<\/p>\n\n\n\n<p>Jarqu\u00edn Edgar indic\u00f3 que la actuaci\u00f3n con dolo por parte de Vasconcelos M\u00e9ndez se vio en todo momento, sin embargo, se hizo m\u00e1s evidente cuando la Fiscal\u00eda le ofreci\u00f3 el \u201ccriterio de oportunidad\u201d al indiciado, \u00fanicamente con la intenci\u00f3n de ganar m\u00e1s tiempo, como lo hizo tambi\u00e9n las m\u00e1s de tres veces que suspendi\u00f3 la audiencia intermedia por presuntas fallas t\u00e9cnicas para proteger a los responsables.<\/p>\n\n\n\n<p>Lo anterior, apost\u00e1ndole a que transcurrieran los dos a\u00f1os que, por ley, puede estar como indiciada una persona y sin recibir sentencia; en el caso de Jos\u00e9 Eduardo en calidad de co-participe del triple homicidio calificado de Mar\u00eda del Sol Cruz Jarqu\u00edn, Pamela Ter\u00e1n y Adelfo Guerra.&nbsp;<\/p>\n\n\n\n<p>Record\u00f3 que el joven fue detenido en mayo del 2019 y vinculado a proceso en el mes siguiente, sin embargo, debido a una serie de fallas y omisiones por parte de la Fiscal\u00eda no se hab\u00eda podido dar el siguiente paso que es la audiencia intermedia donde, de acuerdo con el Sistema Acusatorio Penal, se presentan las pruebas y son admitidas o no por el juez.<\/p>\n\n\n\n<p>Dicha audiencia fue programada para el mes de febrero del 2020, debido a las respectivas pr\u00f3rrogas presentadas por la defensa del imputado, y no se llev\u00f3 a cabo hasta el pasado 12 de abril del 2021, debido a fallas t\u00e9cnicas y deficiencias del procedimiento del Ministerio P\u00fablico.&nbsp;&nbsp;<\/p>\n\n\n\n<p>La periodista y madre de la joven asesinada, asegur\u00f3 que aunque no tiene grandes expectativas por parte de las autoridades, reconoci\u00f3 que existe una buena intenci\u00f3n por parte del ahora fiscal Arturo Peimbert Calvo, a quien espera que los intereses que est\u00e1n detr\u00e1s de la protecci\u00f3n de los responsables le dejen actuar conforme a la ley.&nbsp;<\/p>\n\n\n\n<p>As\u00ed mismo, adelant\u00f3 que los argumentos que lleva la Fiscal\u00eda son muy d\u00e9biles a diferencia de los que va a presentar la defensa del imputado, que s\u00ed hizo \u201csu chamba\u201d durante todo este tiempo y se presenta m\u00e1s segura ante el Poder Judicial.<\/p>\n\n\n\n<p>\u201cYo no espero nada de verdad en este proceso, lo tenemos muy claro, a menos que sucediera un milagro\u201d, concluy\u00f3.&nbsp;<\/p>\n\n\n\n<p>Mar\u00eda del Sol, Pamela Ter\u00e1n Adelfo Guerra fueron asesinados a balazos la madrugada del 2 de junio de 2018, al salir de un establecimiento en el centro de Juchit\u00e1n de Zaragoza.<\/p>\n","protected":false},"excerpt":{"rendered":"<p>Evlin Arag\u00f3n\/Zona Roja. Oaxaca de Ju\u00e1rez, Oax., 18 de abril de 2021.- A casi tres&hellip;<\/p>\n","protected":false},"author":2,"featured_media":12275,"comment_status":"closed","ping_status":"open","sticky":false,"template":"","format":"standard","meta":{"_lmt_disableupdate":"","_lmt_disable":"","_jetpack_memberships_contains_paid_content":false,"footnotes":""},"categories":[109,47],"tags":[1059],"class_list":["post-26142","post","type-post","status-publish","format-standard","has-post-thumbnail","hentry","category-minuto-a-minuto","category-zona-gris","tag-maria-del-sol-cruz-jarquin"],"jetpack_featured_media_url":"https:\/\/zonaroja.com.mx\/wp-content\/uploads\/2020\/05\/Soledad-Jarqu\u00edn.jpg","jetpack_sharing_enabled":true,"_links":{"self":[{"href":"https:\/\/zonaroja.com.mx\/index.php?rest_route=\/wp\/v2\/posts\/26142","targetHints":{"allow":["GET"]}}],"collection":[{"href":"https:\/\/zonaroja.com.mx\/index.php?rest_route=\/wp\/v2\/posts"}],"about":[{"href":"https:\/\/zonaroja.com.mx\/index.php?rest_route=\/wp\/v2\/types\/post"}],"author":[{"embeddable":true,"href":"https:\/\/zonaroja.com.mx\/index.php?rest_route=\/wp\/v2\/users\/2"}],"replies":[{"embeddable":true,"href":"https:\/\/zonaroja.com.mx\/index.php?rest_route=%2Fwp%2Fv2%2Fcomments&post=26142"}],"version-history":[{"count":1,"href":"https:\/\/zonaroja.com.mx\/index.php?rest_route=\/wp\/v2\/posts\/26142\/revisions"}],"predecessor-version":[{"id":26143,"href":"https:\/\/zonaroja.com.mx\/index.php?rest_route=\/wp\/v2\/posts\/26142\/revisions\/26143"}],"wp:featuredmedia":[{"embeddable":true,"href":"https:\/\/zonaroja.com.mx\/index.php?rest_route=\/wp\/v2\/media\/12275"}],"wp:attachment":[{"href":"https:\/\/zonaroja.com.mx\/index.php?rest_route=%2Fwp%2Fv2%2Fmedia&parent=26142"}],"wp:term":[{"taxonomy":"category","embeddable":true,"href":"https:\/\/zonaroja.com.mx\/index.php?rest_route=%2Fwp%2Fv2%2Fcategories&post=26142"},{"taxonomy":"post_tag","embeddable":true,"href":"https:\/\/zonaroja.com.mx\/index.php?rest_route=%2Fwp%2Fv2%2Ftags&post=26142"}],"curies":[{"name":"wp","href":"https:\/\/api.w.org\/{rel}","templated":true}]}}