{"id":26144,"date":"2021-04-18T14:28:17","date_gmt":"2021-04-18T19:28:17","guid":{"rendered":"http:\/\/www.zonaroja.com.mx\/?p=26144"},"modified":"2021-04-18T14:28:20","modified_gmt":"2021-04-18T19:28:20","slug":"oaxaca-exige-paz-ante-clima-de-violencia-politica-realizan-protesta-hoy","status":"publish","type":"post","link":"https:\/\/zonaroja.com.mx\/?p=26144","title":{"rendered":"\u201cOaxaca exige paz\u201d, ante clima de violencia pol\u00edtica; realizan protesta hoy"},"content":{"rendered":"\n<p>Redacci\u00f3n\/Zona Roja.<\/p>\n\n\n\n<p>Oaxaca de Ju\u00e1rez, Oax., 18 de abril de 2021.- Familiares y amigos de Leonardo D\u00edaz Cruz, asesinado el pasado 13 de abril, efectuar\u00e1n este domingo una manifestaci\u00f3n pac\u00edfica que partir\u00e1 del Paseo Ju\u00e1rez \u201cEl Llano\u201d hacia la Alameda de Le\u00f3n, a partir de las 16:00 horas.<\/p>\n\n\n\n<p>Lo anterior, con la finalidad de exigir a la Fiscal\u00eda General del Estado de Oaxaca justicia \u00e1gil, pues a casi una semana de los hechos, no hay ninguna persona detenida.<\/p>\n\n\n\n<p>El panista oaxaque\u00f1o era el padre de Natividad D\u00edaz Jim\u00e9nez, diputada federal del Partido Acci\u00f3n Nacional y dirigente estatal del mismo instituto pol\u00edtico, as\u00ed como de Leonardo y Carlos Armando de los mismos apellidos, candidatos a diputado local por el distrito XXI y presidente municipal de Ejutla de Crespo, ambos por la coalici\u00f3n \u201cVa por Oaxaca\u201d, integrada por el PAN, PRD y PRI.<\/p>\n\n\n\n<p>En esta manifestaci\u00f3n de duelo y exigencia de justicia tambi\u00e9n participan los familiares, compa\u00f1eros y amigos de Ivonne Gallegos Carre\u00f1o, asesinada a balazos el pasado 20 de marzo.<\/p>\n\n\n\n<p>La panista y candidata a presidenta municipal de Ocotl\u00e1n de Morelos por la coalici\u00f3n \u201cVa por Oaxaca\u201d fue privada de la vida la ma\u00f1ana de pasado 30 de marzo cuando viajaba en su camioneta rumbo a la capital oaxaque\u00f1a.<\/p>\n\n\n\n<p>En el atentado result\u00f3 herido su chofer, quien muri\u00f3 15 d\u00edas despu\u00e9s; por este hecho ocurrido en jurisdicci\u00f3n de Santo Tom\u00e1s Jalieza, tampoco est\u00e1n detenidos los autores materiales e intelectuales.<\/p>\n\n\n\n<p>Los deudos y amigos de Leonardo D\u00edaz Cruz convocan a los oaxaque\u00f1os a participar en la manifestaci\u00f3n de este s\u00e1bado, y de ser posible, portando ropa blanca en se\u00f1al de que se trata de una marcha pac\u00edfica.<\/p>\n","protected":false},"excerpt":{"rendered":"<p>Redacci\u00f3n\/Zona Roja. Oaxaca de Ju\u00e1rez, Oax., 18 de abril de 2021.- Familiares y amigos de&hellip;<\/p>\n","protected":false},"author":2,"featured_media":26145,"comment_status":"closed","ping_status":"open","sticky":false,"template":"","format":"standard","meta":{"_lmt_disableupdate":"","_lmt_disable":"","_jetpack_memberships_contains_paid_content":false,"footnotes":""},"categories":[109,47],"tags":[2602],"class_list":["post-26144","post","type-post","status-publish","format-standard","has-post-thumbnail","hentry","category-minuto-a-minuto","category-zona-gris","tag-leonardo-diaz-cruz"],"jetpack_featured_media_url":"https:\/\/zonaroja.com.mx\/wp-content\/uploads\/2021\/04\/Justicia-Leonardo-Diaz.jpg","jetpack_sharing_enabled":true,"_links":{"self":[{"href":"https:\/\/zonaroja.com.mx\/index.php?rest_route=\/wp\/v2\/posts\/26144","targetHints":{"allow":["GET"]}}],"collection":[{"href":"https:\/\/zonaroja.com.mx\/index.php?rest_route=\/wp\/v2\/posts"}],"about":[{"href":"https:\/\/zonaroja.com.mx\/index.php?rest_route=\/wp\/v2\/types\/post"}],"author":[{"embeddable":true,"href":"https:\/\/zonaroja.com.mx\/index.php?rest_route=\/wp\/v2\/users\/2"}],"replies":[{"embeddable":true,"href":"https:\/\/zonaroja.com.mx\/index.php?rest_route=%2Fwp%2Fv2%2Fcomments&post=26144"}],"version-history":[{"count":1,"href":"https:\/\/zonaroja.com.mx\/index.php?rest_route=\/wp\/v2\/posts\/26144\/revisions"}],"predecessor-version":[{"id":26146,"href":"https:\/\/zonaroja.com.mx\/index.php?rest_route=\/wp\/v2\/posts\/26144\/revisions\/26146"}],"wp:featuredmedia":[{"embeddable":true,"href":"https:\/\/zonaroja.com.mx\/index.php?rest_route=\/wp\/v2\/media\/26145"}],"wp:attachment":[{"href":"https:\/\/zonaroja.com.mx\/index.php?rest_route=%2Fwp%2Fv2%2Fmedia&parent=26144"}],"wp:term":[{"taxonomy":"category","embeddable":true,"href":"https:\/\/zonaroja.com.mx\/index.php?rest_route=%2Fwp%2Fv2%2Fcategories&post=26144"},{"taxonomy":"post_tag","embeddable":true,"href":"https:\/\/zonaroja.com.mx\/index.php?rest_route=%2Fwp%2Fv2%2Ftags&post=26144"}],"curies":[{"name":"wp","href":"https:\/\/api.w.org\/{rel}","templated":true}]}}