{"id":26147,"date":"2021-04-18T14:33:58","date_gmt":"2021-04-18T19:33:58","guid":{"rendered":"http:\/\/www.zonaroja.com.mx\/?p=26147"},"modified":"2021-04-18T15:05:08","modified_gmt":"2021-04-18T20:05:08","slug":"propone-diputado-instaurar-en-oaxaca-reconocimiento-al-merito-ecologico-comunitario-redaccion-zona-roja","status":"publish","type":"post","link":"https:\/\/zonaroja.com.mx\/?p=26147","title":{"rendered":"Propone diputado instaurar en Oaxaca reconocimiento al m\u00e9rito ecol\u00f3gico comunitario"},"content":{"rendered":"\n<p>Redacci\u00f3n\/Zona Roja.<\/p>\n\n\n\n<p>Oaxaca de Ju\u00e1rez, Oax., 18 de abril de 2021.- El diputado Horacio Sosa Villavicencio present\u00f3 una iniciativa para establecer la conmemoraci\u00f3n del D\u00eda Estatal del Medio Ambiente, el 5 de junio de cada a\u00f1o, para que los tres Poderes del Estado y las autoridades municipales realicen acciones dirigidas a generar conciencia p\u00fablica sobre el cuidado del medio ambiente.<\/p>\n\n\n\n<p>La iniciativa tambi\u00e9n busca instituir que en el marco de esa conmemoraci\u00f3n, el Congreso del Estado entregue un reconocimiento al m\u00e9rito ecol\u00f3gico comunitario, dirigido a las colectividades cuyas pr\u00e1cticas comunitarias se destaquen por sus resultados en la restauraci\u00f3n o en la conservaci\u00f3n de los diversos ecosistemas de la entidad oaxaque\u00f1a.<\/p>\n\n\n\n<p>Dicho reconocimiento llevar\u00eda el nombre de Alberta \u201cBety\u201d Cari\u00f1o Trujillo, en alusi\u00f3n a la feminista representativa de la defensa comunitaria de los recursos naturales, defensora de derechos humanos, quien fue participante activa en el movimiento social de 2006 y 2007 de Oaxaca y directora del Centro de Apoyo Comunitario Trabajando Unidos, conocido por sus siglas CACTUS.<\/p>\n\n\n\n<figure class=\"wp-block-embed-twitter wp-block-embed is-type-rich is-provider-twitter\"><div class=\"wp-block-embed__wrapper\">\n<div class=\"twitter-tweet\"><blockquote class=\"twitter-tweet\" data-lang=\"es\"><p lang=\"es\" dir=\"ltr\">En tribuna, el diputado local por Morena, <a href=\"https:\/\/twitter.com\/HoracioSosaOax?ref_src=twsrc%5Etfw\">@HoracioSosaOax<\/a>, propuso crear en <a href=\"https:\/\/twitter.com\/hashtag\/Oaxaca?src=hash&amp;ref_src=twsrc%5Etfw\">#Oaxaca<\/a> el premio al m\u00e9rito ecol\u00f3gico \u201cBety Cari\u00f1o Trujillo\u201d, en el marco del D\u00eda Mundial del Medio Ambiente, que se conmemora el 5 de junio; la iniciativa la analiza el <a href=\"https:\/\/twitter.com\/CongresoOaxLXIV?ref_src=twsrc%5Etfw\">@CongresoOaxLXIV<\/a>. <a href=\"https:\/\/t.co\/FDE8fH8cTN\">pic.twitter.com\/FDE8fH8cTN<\/a><\/p>&mdash; Zona Roja Oaxaca (@Zona_Roja_Oax) <a href=\"https:\/\/twitter.com\/Zona_Roja_Oax\/status\/1383770956296949765?ref_src=twsrc%5Etfw\">18 de abril de 2021<\/a><\/blockquote><\/div>\n<\/div><\/figure>\n\n\n\n<p>En entrevista, el legislador ambientalista y tambi\u00e9n impulsor de la Ley anti PET y anti unicel en Oaxaca, se\u00f1al\u00f3 que las pr\u00e1cticas comunitarias que los pueblos y comunidades ind\u00edgenas ponen en marcha para la defensa del medio ambiente, son la \u00faltima frontera que separa a la humanidad de la cat\u00e1strofe medioambiental.<\/p>\n\n\n\n<p>Sosa Villavicencio dijo que: \u201cde las pr\u00e1cticas tradicionales de las comunidades y la resistencia que mantienen para no ceder sus territorios y sus recursos, dependen la conservaci\u00f3n del medio ambiente y, con ella, de la vida en nuestro planeta\u201d.<\/p>\n\n\n\n<p>La propuesta fue remitida para su an\u00e1lisis y dictaminaci\u00f3n a la Comisi\u00f3n Permanente de R\u00e9gimen, Reglamentos y Pr\u00e1cticas Parlamentarias, a cuyos congresistas integrantes, el legislador solicit\u00f3 la dictaminaci\u00f3n pronta de su propuesta, para que sea este 2021, el primer a\u00f1o de conmemoraci\u00f3n del D\u00eda Estatal del Medio Ambiente y de entrega del premio \u201cBety Cari\u00f1o Trujillo\u201d.<\/p>\n","protected":false},"excerpt":{"rendered":"<p>Redacci\u00f3n\/Zona Roja. Oaxaca de Ju\u00e1rez, Oax., 18 de abril de 2021.- El diputado Horacio Sosa&hellip;<\/p>\n","protected":false},"author":2,"featured_media":26150,"comment_status":"closed","ping_status":"open","sticky":false,"template":"","format":"standard","meta":{"_lmt_disableupdate":"","_lmt_disable":"","_jetpack_memberships_contains_paid_content":false,"footnotes":""},"categories":[109,46],"tags":[444],"class_list":["post-26147","post","type-post","status-publish","format-standard","has-post-thumbnail","hentry","category-minuto-a-minuto","category-zona-blanca","tag-horacio-sosa-villavicencio"],"jetpack_featured_media_url":"https:\/\/zonaroja.com.mx\/wp-content\/uploads\/2021\/04\/Horacio-Sosa-Villavicencio.jpg","jetpack_sharing_enabled":true,"_links":{"self":[{"href":"https:\/\/zonaroja.com.mx\/index.php?rest_route=\/wp\/v2\/posts\/26147","targetHints":{"allow":["GET"]}}],"collection":[{"href":"https:\/\/zonaroja.com.mx\/index.php?rest_route=\/wp\/v2\/posts"}],"about":[{"href":"https:\/\/zonaroja.com.mx\/index.php?rest_route=\/wp\/v2\/types\/post"}],"author":[{"embeddable":true,"href":"https:\/\/zonaroja.com.mx\/index.php?rest_route=\/wp\/v2\/users\/2"}],"replies":[{"embeddable":true,"href":"https:\/\/zonaroja.com.mx\/index.php?rest_route=%2Fwp%2Fv2%2Fcomments&post=26147"}],"version-history":[{"count":2,"href":"https:\/\/zonaroja.com.mx\/index.php?rest_route=\/wp\/v2\/posts\/26147\/revisions"}],"predecessor-version":[{"id":26151,"href":"https:\/\/zonaroja.com.mx\/index.php?rest_route=\/wp\/v2\/posts\/26147\/revisions\/26151"}],"wp:featuredmedia":[{"embeddable":true,"href":"https:\/\/zonaroja.com.mx\/index.php?rest_route=\/wp\/v2\/media\/26150"}],"wp:attachment":[{"href":"https:\/\/zonaroja.com.mx\/index.php?rest_route=%2Fwp%2Fv2%2Fmedia&parent=26147"}],"wp:term":[{"taxonomy":"category","embeddable":true,"href":"https:\/\/zonaroja.com.mx\/index.php?rest_route=%2Fwp%2Fv2%2Fcategories&post=26147"},{"taxonomy":"post_tag","embeddable":true,"href":"https:\/\/zonaroja.com.mx\/index.php?rest_route=%2Fwp%2Fv2%2Ftags&post=26147"}],"curies":[{"name":"wp","href":"https:\/\/api.w.org\/{rel}","templated":true}]}}