{"id":2615,"date":"2019-07-29T18:29:57","date_gmt":"2019-07-29T23:29:57","guid":{"rendered":"http:\/\/www.zonaroja.com.mx\/?p=2615"},"modified":"2019-07-29T18:30:00","modified_gmt":"2019-07-29T23:30:00","slug":"en-tierra-de-amlo-aprueban-ley-garrote-contra-marchas-y-bloqueos","status":"publish","type":"post","link":"https:\/\/zonaroja.com.mx\/?p=2615","title":{"rendered":"En tierra de AMLO aprueban \u201cley garrote\u201d contra marchas y bloqueos"},"content":{"rendered":"\n<p>Redacci\u00f3n<\/p>\n\n\n\n<p>Oaxaca de Ju\u00e1rez, Oax., 29 de julio de\n2019.- En Tabasco, la tierra que vio nacer al Presidente de M\u00e9xico, Andr\u00e9s\nManuel L\u00f3pez Obrador, el Congreso local hoy aprob\u00f3 la llamada \u201cley garrote\u201d\ncontra las manifestaciones.<\/p>\n\n\n\n<p>Con 24 votos a favor, uno en contra y\ncero abstenciones fue reformado el C\u00f3digo Penal del estado, que establece una pena\nde hasta 20 a\u00f1os de c\u00e1rcel para quienes extorsionen y bloqueen empresas\np\u00fablicas y privadas. <\/p>\n\n\n\n<p>A la propuesta del dictamen inicial\n\u00fanicamente se le modific\u00f3 una parte del Art\u00edculo 308 Bis, donde se precisa que\nser\u00e1n 13 a\u00f1os de prisi\u00f3n para quienes con bloqueos intenten extorsionar a\nempresas.<\/p>\n\n\n\n<p>La iniciativa fue enviada por el\nGobernador del Estado, Ad\u00e1n Augusto L\u00f3pez, del Partido Morena, que ha generado\ncontroversia.<\/p>\n\n\n\n<p>\u00abA ver se\u00f1ores, la protesta\nciudadana es un leg\u00edtimo derecho que est\u00e1 previsto en la Constituci\u00f3n, insisto\nesta reforma al C\u00f3digo Penal, es antiextorsi\u00f3n, en ning\u00fan momento, es\nantimanifestaci\u00f3n.<\/p>\n\n\n\n<p>\u00abEs una cuesti\u00f3n que se desvirtu\u00f3 que faltaba platicar y aclarar y en ese sentido para eso hemos tenido ese di\u00e1logo, durante un buen rato de la ma\u00f1ana, para aclarar esas dudas\u00bb, dijo el secretario General de Gobierno, Marcos Rosendo Medina, al cabildear la iniciativa con los legisladores.<\/p>\n\n\n\n<figure class=\"wp-block-embed-twitter wp-block-embed is-type-rich is-provider-twitter\"><div class=\"wp-block-embed__wrapper\">\n<div class=\"twitter-tweet\"><blockquote class=\"twitter-tweet\" data-lang=\"es\"><p lang=\"es\" dir=\"ltr\"><a href=\"https:\/\/twitter.com\/hashtag\/NoticiasDelCongreso?src=hash&amp;ref_src=twsrc%5Etfw\">#NoticiasDelCongreso<\/a> | Se pronuncia Congreso del Estado por abonar al fortalecimiento y desarrollo de Tabasco<a href=\"https:\/\/twitter.com\/hashtag\/CongresoTabasco?src=hash&amp;ref_src=twsrc%5Etfw\">#CongresoTabasco<\/a> <a href=\"https:\/\/twitter.com\/hashtag\/LegislaturaLXIII?src=hash&amp;ref_src=twsrc%5Etfw\">#LegislaturaLXIII<\/a><br><br>M\u00e1s informaci\u00f3n \u2b07\ufe0f \ud83d\udcbb\ud83d\udd17 <a href=\"https:\/\/t.co\/btQn854NnB\">https:\/\/t.co\/btQn854NnB<\/a> <a href=\"https:\/\/t.co\/RESr8ACJ38\">pic.twitter.com\/RESr8ACJ38<\/a><\/p>&mdash; Congreso Tabasco (@CongresoTab) <a href=\"https:\/\/twitter.com\/CongresoTab\/status\/1155961490257563650?ref_src=twsrc%5Etfw\">29 de julio de 2019<\/a><\/blockquote><\/div>\n<\/div><\/figure>\n\n\n\n<p>El Poder Legislativo lo detall\u00f3 as\u00ed en\nun comunicado:<\/p>\n\n\n\n<p>\u201cEl Congreso local tambi\u00e9n aprob\u00f3 con\n24 votos a favor y un voto en contra, reformar y adicionar diversas\ndisposiciones del C\u00f3digo Penal para el Estado de Tabasco, para establecer que\n\u2018ante extorsiones, coerciones, que intente imponer o imponga cuotas, e impida\ntotal o parcialmente el libre tr\u00e1nsito de personas, veh\u00edculos, maquinaria,\nequipo especializado o similar para la ejecuci\u00f3n de trabajos u obras p\u00fablicas o\nprivadas en las v\u00edas y medios de comunicaci\u00f3n de jurisdicci\u00f3n local, a que se\nrefiere el art\u00edculo 306, se le impondr\u00e1 prisi\u00f3n de 6 a 13 a\u00f1os y multa de mil a\n2 mil veces el valor diario de la Unidad de Medida de Actualizaci\u00f3n, sin\nperjuicio de las penas que corresponda por otros delitos que resulten, la pena\nse incrementar\u00e1 en una mitad m\u00e1s, cuando en la comisi\u00f3n del delito el sujeto\nactivo se haga acompa\u00f1ar de personas menores de edad o se emplee violencia\u2019.<\/p>\n\n\n\n<p>\u201cPrevio a la aprobaci\u00f3n del dictamen,\nse pronunciaron a favor del mismo los legisladores de Morena, Exequias Braulio\nEscalante Castillo, Julia del Carmen Pardo Contreras y Rafael El\u00edas S\u00e1nchez\nCabrales, as\u00ed como los diputados del PRD, Agust\u00edn Silva Vidal y Ricardo Fitz\nMendoza, y en rectificaci\u00f3n de hechos, el diputado independiente Jos\u00e9 Manuel\nSep\u00falveda Del Valle.<\/p>\n\n\n\n<p>\u201cEn contra del dictamen se manifestaron\nlas legisladoras del PRD, Dolores del Carmen Guti\u00e9rrez Zurita y Elsy Lydia\nIzquierdo Morales, mientras que por el PRI, se manifestaron en contra los\ndiputados Gerald Washington Herrera Castellanos, Ingrid Margarita Rosas Pantoja\ny Katia Ornelas Gil.<\/p>\n\n\n\n<p>\u201cCabe destacar que el diputado Agust\u00edn\nSilva Vidal, solicit\u00f3 modificar el art\u00edculo 308 Bis, Antecedente Primero,\nConsiderando V, solicitud que fue avalada con 24 votos a favor y una abstenci\u00f3n\u201d.<\/p>\n","protected":false},"excerpt":{"rendered":"<p>Redacci\u00f3n Oaxaca de Ju\u00e1rez, Oax., 29 de julio de 2019.- En Tabasco, la tierra que&hellip;<\/p>\n","protected":false},"author":2,"featured_media":2616,"comment_status":"closed","ping_status":"open","sticky":false,"template":"","format":"standard","meta":{"_lmt_disableupdate":"","_lmt_disable":"","_jetpack_memberships_contains_paid_content":false,"footnotes":""},"categories":[109,47],"tags":[424],"class_list":["post-2615","post","type-post","status-publish","format-standard","has-post-thumbnail","hentry","category-minuto-a-minuto","category-zona-gris","tag-aprueba-ley-garrote-congreso-de-tabasco"],"jetpack_featured_media_url":"https:\/\/zonaroja.com.mx\/wp-content\/uploads\/2019\/07\/IMG_4380.jpg","jetpack_sharing_enabled":true,"_links":{"self":[{"href":"https:\/\/zonaroja.com.mx\/index.php?rest_route=\/wp\/v2\/posts\/2615","targetHints":{"allow":["GET"]}}],"collection":[{"href":"https:\/\/zonaroja.com.mx\/index.php?rest_route=\/wp\/v2\/posts"}],"about":[{"href":"https:\/\/zonaroja.com.mx\/index.php?rest_route=\/wp\/v2\/types\/post"}],"author":[{"embeddable":true,"href":"https:\/\/zonaroja.com.mx\/index.php?rest_route=\/wp\/v2\/users\/2"}],"replies":[{"embeddable":true,"href":"https:\/\/zonaroja.com.mx\/index.php?rest_route=%2Fwp%2Fv2%2Fcomments&post=2615"}],"version-history":[{"count":1,"href":"https:\/\/zonaroja.com.mx\/index.php?rest_route=\/wp\/v2\/posts\/2615\/revisions"}],"predecessor-version":[{"id":2617,"href":"https:\/\/zonaroja.com.mx\/index.php?rest_route=\/wp\/v2\/posts\/2615\/revisions\/2617"}],"wp:featuredmedia":[{"embeddable":true,"href":"https:\/\/zonaroja.com.mx\/index.php?rest_route=\/wp\/v2\/media\/2616"}],"wp:attachment":[{"href":"https:\/\/zonaroja.com.mx\/index.php?rest_route=%2Fwp%2Fv2%2Fmedia&parent=2615"}],"wp:term":[{"taxonomy":"category","embeddable":true,"href":"https:\/\/zonaroja.com.mx\/index.php?rest_route=%2Fwp%2Fv2%2Fcategories&post=2615"},{"taxonomy":"post_tag","embeddable":true,"href":"https:\/\/zonaroja.com.mx\/index.php?rest_route=%2Fwp%2Fv2%2Ftags&post=2615"}],"curies":[{"name":"wp","href":"https:\/\/api.w.org\/{rel}","templated":true}]}}