{"id":26152,"date":"2021-04-18T15:12:37","date_gmt":"2021-04-18T20:12:37","guid":{"rendered":"http:\/\/www.zonaroja.com.mx\/?p=26152"},"modified":"2021-04-18T15:12:40","modified_gmt":"2021-04-18T20:12:40","slug":"se-adelanta-seccion-22-y-establece-sedes-para-vacunar-a-docentes-contra-covid","status":"publish","type":"post","link":"https:\/\/zonaroja.com.mx\/?p=26152","title":{"rendered":"Se adelanta Secci\u00f3n 22 y establece sedes para vacunar a docentes contra Covid"},"content":{"rendered":"\n<p>Ismael Garc\u00eda M.\/Zona Roja.<\/p>\n\n\n\n<p>Oaxaca de Ju\u00e1rez, Oax., 18 de abril de 2021.- Luego del anuncio del gobierno federal de iniciar a partir del pr\u00f3ximo 28 de abril la vacunaci\u00f3n contra el Covid-19 a docentes del pa\u00eds, la Secci\u00f3n 22 del SNTE ya design\u00f3 14 sedes en el estado de Oaxaca.<\/p>\n\n\n\n<p>\u201cUna vez revisada la log\u00edstica respecto al traslado, manejo, personal e insumos que se requieren para el proceso de vacunaci\u00f3n a todos los trabajadores de la educaci\u00f3n, se han definido los lugares donde se instalar\u00e1n las sedes de aplicaci\u00f3n para el estado de Oaxaca\u201d, detall\u00f3 el secretario General del gremio, Genaro Mart\u00ednez Morales.<\/p>\n\n\n\n<p>A trav\u00e9s de un comunicado, dio a conocer que \u00e9stas se ubican en Ciudad Ixtepec y Juchit\u00e1n de Zaragoza, en la regi\u00f3n del Istmo; en Tangolunda, Huatulco, San Pedro Mixtepec y Pinotepa Nacional, en la regi\u00f3n de la Costa.<\/p>\n\n\n\n<p>En Huajuapan de Le\u00f3n y Santiago Juxtlahuaca, regi\u00f3n Mixteca; Ixtl\u00e1n de Ju\u00e1rez, en la Sierra Norte; Mahuatl\u00e1n de Porfirio D\u00edaz, en la Sierra Sur; Oaxaca de Ju\u00e1rez, en Valles Centrales.<\/p>\n\n\n\n<p>En Loma Bonita y San Juan Bautista Tuxtepec, en la Cuenca; en Teotitl\u00e1n de Flores Mag\u00f3n y Huautla de Jim\u00e9nez, regi\u00f3n de la Ca\u00f1ada.<\/p>\n\n\n\n<p>Para ello, las delegaciones escolares y\/o centros de trabajo deber\u00e1n reportar el lugar m\u00e1s cercano donde acudir\u00edan a la vacunaci\u00f3n, as\u00ed como la cantidad de docentes y en los casos excepcionales que acudir\u00edan a otro lugar distinto al que corresponder\u00eda.<\/p>\n\n\n\n<p>\u201cLo anterior para que la distribuci\u00f3n de vacunas considere la cantidad de trabajadores en cada lugar. Solicitamos mantenerse al tanto de la informaci\u00f3n v\u00eda estructura sindical para la mejor organizaci\u00f3n que requiere este asunto.<\/p>\n\n\n\n<p>\u201cDe la misma manera, la entrega de reportes de forma digital se ampl\u00eda al mi\u00e9rcoles 21 de abril del presente a\u00f1o, a las 12:00 horas, horario de la resistencia\u201d, difundi\u00f3 el secretario General de la Secci\u00f3n 22 del Sindicato Nacional de Trabajadores de la Educaci\u00f3n.<\/p>\n\n\n\n<p>En un comunicado anterior, el mismo Genaro Mart\u00ednez Morales especific\u00f3 que el reporte deber\u00e1 contener el distrito administrativo m\u00e1s cercano o \u00e1rea de influencia; deber\u00e1n reportar tanto a docentes como no docentes, \u201csin excepci\u00f3n alguna\u201d; asimismo, tener a la mano el tal\u00f3n de pago o constancia de percepciones de la \u00faltima quincena o en su defecto el tal\u00f3n de pago de la quincena anterior e identificaci\u00f3n oficial.<\/p>\n","protected":false},"excerpt":{"rendered":"<p>Ismael Garc\u00eda M.\/Zona Roja. Oaxaca de Ju\u00e1rez, Oax., 18 de abril de 2021.- Luego del&hellip;<\/p>\n","protected":false},"author":2,"featured_media":26153,"comment_status":"closed","ping_status":"open","sticky":false,"template":"","format":"standard","meta":{"_lmt_disableupdate":"","_lmt_disable":"","_jetpack_memberships_contains_paid_content":false,"footnotes":""},"categories":[109,46],"tags":[312],"class_list":["post-26152","post","type-post","status-publish","format-standard","has-post-thumbnail","hentry","category-minuto-a-minuto","category-zona-blanca","tag-seccion-22-del-snte"],"jetpack_featured_media_url":"https:\/\/zonaroja.com.mx\/wp-content\/uploads\/2021\/04\/Oficios-vacunacion-Seccion-22.jpg","jetpack_sharing_enabled":true,"_links":{"self":[{"href":"https:\/\/zonaroja.com.mx\/index.php?rest_route=\/wp\/v2\/posts\/26152","targetHints":{"allow":["GET"]}}],"collection":[{"href":"https:\/\/zonaroja.com.mx\/index.php?rest_route=\/wp\/v2\/posts"}],"about":[{"href":"https:\/\/zonaroja.com.mx\/index.php?rest_route=\/wp\/v2\/types\/post"}],"author":[{"embeddable":true,"href":"https:\/\/zonaroja.com.mx\/index.php?rest_route=\/wp\/v2\/users\/2"}],"replies":[{"embeddable":true,"href":"https:\/\/zonaroja.com.mx\/index.php?rest_route=%2Fwp%2Fv2%2Fcomments&post=26152"}],"version-history":[{"count":1,"href":"https:\/\/zonaroja.com.mx\/index.php?rest_route=\/wp\/v2\/posts\/26152\/revisions"}],"predecessor-version":[{"id":26154,"href":"https:\/\/zonaroja.com.mx\/index.php?rest_route=\/wp\/v2\/posts\/26152\/revisions\/26154"}],"wp:featuredmedia":[{"embeddable":true,"href":"https:\/\/zonaroja.com.mx\/index.php?rest_route=\/wp\/v2\/media\/26153"}],"wp:attachment":[{"href":"https:\/\/zonaroja.com.mx\/index.php?rest_route=%2Fwp%2Fv2%2Fmedia&parent=26152"}],"wp:term":[{"taxonomy":"category","embeddable":true,"href":"https:\/\/zonaroja.com.mx\/index.php?rest_route=%2Fwp%2Fv2%2Fcategories&post=26152"},{"taxonomy":"post_tag","embeddable":true,"href":"https:\/\/zonaroja.com.mx\/index.php?rest_route=%2Fwp%2Fv2%2Ftags&post=26152"}],"curies":[{"name":"wp","href":"https:\/\/api.w.org\/{rel}","templated":true}]}}