{"id":26159,"date":"2021-04-18T18:51:27","date_gmt":"2021-04-18T23:51:27","guid":{"rendered":"https:\/\/www.zonaroja.com.mx\/?p=26159"},"modified":"2021-04-18T21:31:26","modified_gmt":"2021-04-19T02:31:26","slug":"registra-oaxaca-132-incendios-forestales-este-ano-mas-de-11-mil-has-afectadas","status":"publish","type":"post","link":"https:\/\/zonaroja.com.mx\/?p=26159","title":{"rendered":"Registra Oaxaca 132 incendios forestales este a\u00f1o; m\u00e1s de 11 mil has afectadas"},"content":{"rendered":"\n<p>Redacci\u00f3n\/Zona Roja. <\/p>\n\n\n\n<p>Oaxaca de Ju\u00e1rez, Oax., 18 de abril de 2021.- La Comisi\u00f3n Estatal Forestal (Coesfo), inform\u00f3 que a la fecha se contabilizan 132 incendios forestales en la entidad, que han afectado m\u00e1s de 11 mil hect\u00e1reas.<\/p>\n\n\n\n<p>De los cuales, al corte&nbsp;<a href=\"\/\/1\">de las 15:15<\/a>&nbsp;horas de este domingo, seis se encuentran activos y 126 han sido liquidados, inform\u00f3 el Gobierno del Estado a trav\u00e9s de un comunicado.<\/p>\n\n\n\n<p>Uno de los incendios se encuentra en la regi\u00f3n Costa, en el municipio de Santa Catarina Juquila, en el predio localizado en los l\u00edmites con Santiago Yaitepec.&nbsp;<\/p>\n\n\n\n<p>El segundo incendio forestal se ubica en Valles Centrales en el Distrito de Zaachila en el municipio de San Miguel Peras.<\/p>\n\n\n\n<p>El tercer incendio activo se encuentra en la regi\u00f3n de la Sierra Sur en el distrito de Putla, en el municipio de Santa Cruz Itundujia en el predio \u201cZaragoza\u201d y \u201cLa Victoria\u201d; el cuarto siniestro se ubica en el Istmo en el distrito de Juchit\u00e1n, en el municipio de San Miguel Chimalapa en el predio \u201cLa Correada\u201d.<\/p>\n\n\n\n<p>El quinto incendio activo se encuentra en la Mixteca en el distrito de Tlaxiaco, en el municipio de Santa Mar\u00eda Tataltepec, en el predio \u201cL\u00edmites con Santiago Tilantongo\u201d, y el sexto incendio se ubica en la regi\u00f3n Mixteca, en Nochixtl\u00e1n, en el municipio de Santa Cruz Mitlatongo.<\/p>\n\n\n\n<p>El Director General de la Comisi\u00f3n Estatal Forestal inform\u00f3 que los tres niveles de gobierno est\u00e1n atendiendo coordinadamente los diversos incendios forestales que se encuentran en el estado.<\/p>\n\n\n\n<p>En esta temporada cr\u00edtica uno de los factores climatol\u00f3gicos que han hecho m\u00e1s adverso el combate de estos y otros incendios, han sido las inestables rachas de viento.<\/p>\n\n\n\n<p>Manifest\u00f3 que los brigadistas de la Comisi\u00f3n Estatal Forestal (Coesfo) han acudido de forma oportuna a cada uno de los incendios presentados, tambi\u00e9n se ha contado con la colaboraci\u00f3n de la Sedena, Guardia Nacional, Protecci\u00f3n Civil, Conafor y por supuesto con los comuneros de las diferentes regiones.<\/p>\n\n\n\n<p>A la par se han capacitado en este a\u00f1o un total de mil 315 personas en materia de prevenci\u00f3n y combate de incendios, esto con la finalidad de que quienes se enfrenten a los siniestros cuenten con los conocimientos y herramientas necesarias. <\/p>\n","protected":false},"excerpt":{"rendered":"<p>Redacci\u00f3n\/Zona Roja. Oaxaca de Ju\u00e1rez, Oax., 18 de abril de 2021.- La Comisi\u00f3n Estatal Forestal&hellip;<\/p>\n","protected":false},"author":2,"featured_media":26162,"comment_status":"closed","ping_status":"open","sticky":false,"template":"","format":"standard","meta":{"_lmt_disableupdate":"","_lmt_disable":"","_jetpack_memberships_contains_paid_content":false,"footnotes":""},"categories":[109,47],"tags":[1256],"class_list":["post-26159","post","type-post","status-publish","format-standard","has-post-thumbnail","hentry","category-minuto-a-minuto","category-zona-gris","tag-incendios-forestales-oaxaca"],"jetpack_featured_media_url":"https:\/\/zonaroja.com.mx\/wp-content\/uploads\/2021\/04\/Incendios-forestales-Oaxaca-2.jpeg","jetpack_sharing_enabled":true,"_links":{"self":[{"href":"https:\/\/zonaroja.com.mx\/index.php?rest_route=\/wp\/v2\/posts\/26159","targetHints":{"allow":["GET"]}}],"collection":[{"href":"https:\/\/zonaroja.com.mx\/index.php?rest_route=\/wp\/v2\/posts"}],"about":[{"href":"https:\/\/zonaroja.com.mx\/index.php?rest_route=\/wp\/v2\/types\/post"}],"author":[{"embeddable":true,"href":"https:\/\/zonaroja.com.mx\/index.php?rest_route=\/wp\/v2\/users\/2"}],"replies":[{"embeddable":true,"href":"https:\/\/zonaroja.com.mx\/index.php?rest_route=%2Fwp%2Fv2%2Fcomments&post=26159"}],"version-history":[{"count":1,"href":"https:\/\/zonaroja.com.mx\/index.php?rest_route=\/wp\/v2\/posts\/26159\/revisions"}],"predecessor-version":[{"id":26160,"href":"https:\/\/zonaroja.com.mx\/index.php?rest_route=\/wp\/v2\/posts\/26159\/revisions\/26160"}],"wp:featuredmedia":[{"embeddable":true,"href":"https:\/\/zonaroja.com.mx\/index.php?rest_route=\/wp\/v2\/media\/26162"}],"wp:attachment":[{"href":"https:\/\/zonaroja.com.mx\/index.php?rest_route=%2Fwp%2Fv2%2Fmedia&parent=26159"}],"wp:term":[{"taxonomy":"category","embeddable":true,"href":"https:\/\/zonaroja.com.mx\/index.php?rest_route=%2Fwp%2Fv2%2Fcategories&post=26159"},{"taxonomy":"post_tag","embeddable":true,"href":"https:\/\/zonaroja.com.mx\/index.php?rest_route=%2Fwp%2Fv2%2Ftags&post=26159"}],"curies":[{"name":"wp","href":"https:\/\/api.w.org\/{rel}","templated":true}]}}