{"id":26163,"date":"2021-04-18T22:30:41","date_gmt":"2021-04-19T03:30:41","guid":{"rendered":"http:\/\/www.zonaroja.com.mx\/?p=26163"},"modified":"2021-04-18T22:30:46","modified_gmt":"2021-04-19T03:30:46","slug":"ya-basta-los-oaxaquenos-exigimos-un-estado-con-paz-y-seguridad","status":"publish","type":"post","link":"https:\/\/zonaroja.com.mx\/?p=26163","title":{"rendered":"\u201c\u00a1Ya basta! Los oaxaque\u00f1os exigimos un estado con paz y seguridad\u201d"},"content":{"rendered":"\n<p>Ismael Garc\u00eda M.\/Zona Roja.<\/p>\n\n\n\n<p>Oaxaca de Ju\u00e1rez, Oax., 18 de abril de 2021.- El asesinato, en menos de un mes, de dos destacados panistas, as\u00ed como la impunidad y la inseguridad en Oaxaca, gener\u00f3 la tarde de hoy una movilizaci\u00f3n pac\u00edfica de panistas y pobladores de Ejutla de Crespo.<\/p>\n\n\n\n<p>\u201cEl 13 de abril a las 2:35 de la tarde, fue el d\u00eda y la hora que cambi\u00f3 mi vida y la de mi familia; nos cortaron las alas, pero no la fuerza; las balas del odio y la cobard\u00eda nos arrebataron al padre, al hermano, al abuelo, al t\u00edo, al buen amigo, al panista; nos arrebataron a don Leo, como todos cari\u00f1osamente le dec\u00edan\u201d, afirm\u00f3 Leonardo D\u00edaz Jim\u00e9nez, uno de los hijos de Leonardo D\u00edaz Cruz, asesinado a balazos la semana pasada.<\/p>\n\n\n\n<figure class=\"wp-block-embed-twitter wp-block-embed is-type-rich is-provider-twitter\"><div class=\"wp-block-embed__wrapper\">\n<div class=\"twitter-tweet\"><blockquote class=\"twitter-tweet\" data-lang=\"es\"><p lang=\"es\" dir=\"ltr\"><a href=\"https:\/\/twitter.com\/hashtag\/ENVIVO?src=hash&amp;ref_src=twsrc%5Etfw\">#ENVIVO<\/a> <br>Oaxaca de Ju\u00e1rez, Oax., 18 de abril de 2021.- Marcha pac\u00edfica para exigir justicia por los asesinatos de Leonardo D\u00edaz e Ivonne Gallegos, militantes del Partido Acci\u00f3n Nacional.<br><br>Siga la transmisi\u00f3n:<br>\ud83d\udc47<a href=\"https:\/\/t.co\/kjzFjrMrqS\">https:\/\/t.co\/kjzFjrMrqS<\/a> <a href=\"https:\/\/t.co\/SdBM4GSgit\">pic.twitter.com\/SdBM4GSgit<\/a><\/p>&mdash; Zona Roja Oaxaca (@Zona_Roja_Oax) <a href=\"https:\/\/twitter.com\/Zona_Roja_Oax\/status\/1383899252925947906?ref_src=twsrc%5Etfw\">18 de abril de 2021<\/a><\/blockquote><\/div>\n<\/div><\/figure>\n\n\n\n<p>El otro caso: Ivonne Gallegos Carre\u00f1o, atacada por un grupo armado el 20 de marzo, en la carretera de Ocotl\u00e1n de Morelos, a la altura del acceso a Santo Tom\u00e1s Jalieza; su chofer muri\u00f3 dos semanas despu\u00e9s.<\/p>\n\n\n\n<p>Ella era candidata a presidenta municipal de Ocotl\u00e1n por el Partido Acci\u00f3n Nacional, en la coalici\u00f3n con el PRI y el PRD.<\/p>\n\n\n\n<p>\u201cEstamos aqu\u00ed para exigir a las autoridades estatales y federales que hagan su trabajo, que encuentren y se castigue a los responsables de este cobarde crimen; que detengan esta ola de violencia que nos afecta a todos los ejutecos, oaxaque\u00f1os y mexicanos.<\/p>\n\n\n\n<p>\u201c\u00a1Ya basta, los oaxaque\u00f1os exigimos un estado en paz, con seguridad para todos; que la violencia no sea el recurso para los que quieran hacer de Oaxaca una sociedad justa y de bien!, remarc\u00f3 Leonardo D\u00edaz, ahora edil con licencia y aspirante a diputado local.<\/p>\n\n\n\n<figure class=\"wp-block-embed-twitter wp-block-embed is-type-rich is-provider-twitter\"><div class=\"wp-block-embed__wrapper\">\n<div class=\"twitter-tweet\"><blockquote class=\"twitter-tweet\" data-lang=\"es\"><p lang=\"es\" dir=\"ltr\"><a href=\"https:\/\/twitter.com\/hashtag\/%C3%9AltimoMinuto?src=hash&amp;ref_src=twsrc%5Etfw\">#\u00daltimoMinuto<\/a><br>\u00a1Ya basta!, los oaxaque\u00f1os exigimos un estado en paz, con seguridad para todos; que la violencia no sea el recurso para los que quieran hacer de <a href=\"https:\/\/twitter.com\/hashtag\/Oaxaca?src=hash&amp;ref_src=twsrc%5Etfw\">#Oaxaca<\/a> una sociedad justa y de bien\u201d: Leonardo D\u00edaz Jim\u00e9nez, al exigir justicia para su padre Leonardo D\u00edaz Cruz. <a href=\"https:\/\/t.co\/AgaJI5JvHP\">pic.twitter.com\/AgaJI5JvHP<\/a><\/p>&mdash; Zona Roja Oaxaca (@Zona_Roja_Oax) <a href=\"https:\/\/twitter.com\/Zona_Roja_Oax\/status\/1383942860576157699?ref_src=twsrc%5Etfw\">19 de abril de 2021<\/a><\/blockquote><\/div>\n<\/div><\/figure>\n\n\n\n<p>Leonardo D\u00edaz Cruz es padre adem\u00e1s, de Natividad D\u00edaz Jim\u00e9nez, actual dirigente estatal del PAN y diputada federal.<\/p>\n\n\n\n<p>A la manifestaci\u00f3n que parti\u00f3 del parque \u201cEl Llano\u201d hacia la explanada de la Alameda de Le\u00f3n se unieron dirigentes de Acci\u00f3n Nacional, como Juan Iv\u00e1n Mendoza Reyes, adem\u00e1s de familiares de Ivonne Gallegos.<\/p>\n\n\n\n<p>Asimismo, la diputada federal del PAN, Adriana D\u00e1vila, quien solicit\u00f3 al gobierno federal, que hagan caso a las modificaciones al plan de Seguridad Nacional para detener los actos delictivos.<\/p>\n","protected":false},"excerpt":{"rendered":"<p>Ismael Garc\u00eda M.\/Zona Roja. Oaxaca de Ju\u00e1rez, Oax., 18 de abril de 2021.- El asesinato,&hellip;<\/p>\n","protected":false},"author":2,"featured_media":26164,"comment_status":"closed","ping_status":"open","sticky":false,"template":"","format":"standard","meta":{"_lmt_disableupdate":"","_lmt_disable":"","_jetpack_memberships_contains_paid_content":false,"footnotes":""},"categories":[109,47],"tags":[2602],"class_list":["post-26163","post","type-post","status-publish","format-standard","has-post-thumbnail","hentry","category-minuto-a-minuto","category-zona-gris","tag-leonardo-diaz-cruz"],"jetpack_featured_media_url":"https:\/\/zonaroja.com.mx\/wp-content\/uploads\/2021\/04\/Marcha-PAN-Leonardo-Diaz.jpg","jetpack_sharing_enabled":true,"_links":{"self":[{"href":"https:\/\/zonaroja.com.mx\/index.php?rest_route=\/wp\/v2\/posts\/26163","targetHints":{"allow":["GET"]}}],"collection":[{"href":"https:\/\/zonaroja.com.mx\/index.php?rest_route=\/wp\/v2\/posts"}],"about":[{"href":"https:\/\/zonaroja.com.mx\/index.php?rest_route=\/wp\/v2\/types\/post"}],"author":[{"embeddable":true,"href":"https:\/\/zonaroja.com.mx\/index.php?rest_route=\/wp\/v2\/users\/2"}],"replies":[{"embeddable":true,"href":"https:\/\/zonaroja.com.mx\/index.php?rest_route=%2Fwp%2Fv2%2Fcomments&post=26163"}],"version-history":[{"count":1,"href":"https:\/\/zonaroja.com.mx\/index.php?rest_route=\/wp\/v2\/posts\/26163\/revisions"}],"predecessor-version":[{"id":26165,"href":"https:\/\/zonaroja.com.mx\/index.php?rest_route=\/wp\/v2\/posts\/26163\/revisions\/26165"}],"wp:featuredmedia":[{"embeddable":true,"href":"https:\/\/zonaroja.com.mx\/index.php?rest_route=\/wp\/v2\/media\/26164"}],"wp:attachment":[{"href":"https:\/\/zonaroja.com.mx\/index.php?rest_route=%2Fwp%2Fv2%2Fmedia&parent=26163"}],"wp:term":[{"taxonomy":"category","embeddable":true,"href":"https:\/\/zonaroja.com.mx\/index.php?rest_route=%2Fwp%2Fv2%2Fcategories&post=26163"},{"taxonomy":"post_tag","embeddable":true,"href":"https:\/\/zonaroja.com.mx\/index.php?rest_route=%2Fwp%2Fv2%2Ftags&post=26163"}],"curies":[{"name":"wp","href":"https:\/\/api.w.org\/{rel}","templated":true}]}}