{"id":26167,"date":"2021-04-19T07:15:52","date_gmt":"2021-04-19T12:15:52","guid":{"rendered":"http:\/\/www.zonaroja.com.mx\/?p=26167"},"modified":"2021-04-19T07:15:55","modified_gmt":"2021-04-19T12:15:55","slug":"coadyuvara-el-ieepo-en-la-estrategia-de-vacunacion-contra-covid-a-docentes","status":"publish","type":"post","link":"https:\/\/zonaroja.com.mx\/?p=26167","title":{"rendered":"Coadyuvar\u00e1 el IEEPO en la estrategia de vacunaci\u00f3n contra Covid a docentes"},"content":{"rendered":"\n<p>Redacci\u00f3n\/Zona Roja.<\/p>\n\n\n\n<p>Oaxaca de Ju\u00e1rez, Oax., 19 de abril de 2021.- El Instituto Estatal de Educaci\u00f3n P\u00fablica de Oaxaca (IEEPO), inici\u00f3 la coordinaci\u00f3n con las dependencias federales y estatales correspondientes para facilitar y agilizar el proceso de vacunaci\u00f3n al personal educativo del sector p\u00fablico y privado, que cuenten con Reconocimiento de Validez Oficial de Estudios (RVOE).<\/p>\n\n\n\n<p>En espec\u00edfico, el Instituto pondr\u00e1 a disposici\u00f3n de las instancias encargadas de la campa\u00f1a de vacunaci\u00f3n, la informaci\u00f3n que le sea requerida para el establecimiento de la log\u00edstica; en ese sentido, exhort\u00f3 a todo el personal educativo a estar atento de las indicaciones de sus directivos, supervisores y jefes de \u00e1rea, as\u00ed como de las que difundan las autoridades de salud.<\/p>\n\n\n\n<p>Lo anterior, en el marco del inicio de la \u201cPlaneaci\u00f3n de vacunaci\u00f3n al personal educativo\u201d anunciada el viernes pasado por el gobierno federal.<\/p>\n\n\n\n<p>El Instituto Estatal de Educaci\u00f3n reconoce el trascendental rol de las maestras y maestros en la sociedad, as\u00ed como su labor para dar continuidad a los estudios de ni\u00f1as, ni\u00f1os y adolescentes en la nueva normalidad originada por el Covid-19.<\/p>\n\n\n\n<p>\u201cPor ello, para el planteamiento del posible regreso a las clases presenciales voluntario y paulatino, con previo consenso de la comunidad escolar y que involucrar\u00eda contacto no solo con alumnos, sino con padres, madres y poblaci\u00f3n en general, celebramos que se cuide al personal educativo para evitar la propagaci\u00f3n del virus\u201d, se\u00f1al\u00f3 el IEEPO.<\/p>\n\n\n\n<p>La Estrategia Nacional contempla vacunar a las y los trabajadores de la educaci\u00f3n en Oaxaca del 28 de abril al 4 de mayo e incluye a personal tanto de escuelas p\u00fablicas como privadas y los requisitos se dar\u00e1n a conocer pr\u00f3ximamente, para lo cual se les pide estar pendiente de la informaci\u00f3n oficial que se emita, as\u00ed como tener preparado el tal\u00f3n de pago o constancia de percepciones de la \u00faltima quincena o anterior e identificaci\u00f3n oficial.<\/p>\n","protected":false},"excerpt":{"rendered":"<p>Redacci\u00f3n\/Zona Roja. Oaxaca de Ju\u00e1rez, Oax., 19 de abril de 2021.- El Instituto Estatal de&hellip;<\/p>\n","protected":false},"author":2,"featured_media":8007,"comment_status":"closed","ping_status":"open","sticky":false,"template":"","format":"standard","meta":{"_lmt_disableupdate":"","_lmt_disable":"","_jetpack_memberships_contains_paid_content":false,"footnotes":""},"categories":[109,46],"tags":[599],"class_list":["post-26167","post","type-post","status-publish","format-standard","has-post-thumbnail","hentry","category-minuto-a-minuto","category-zona-blanca","tag-instituto-estatal-de-educacion-publica-de-oaxaca"],"jetpack_featured_media_url":"https:\/\/zonaroja.com.mx\/wp-content\/uploads\/2020\/01\/vacuna2.jpg","jetpack_sharing_enabled":true,"_links":{"self":[{"href":"https:\/\/zonaroja.com.mx\/index.php?rest_route=\/wp\/v2\/posts\/26167","targetHints":{"allow":["GET"]}}],"collection":[{"href":"https:\/\/zonaroja.com.mx\/index.php?rest_route=\/wp\/v2\/posts"}],"about":[{"href":"https:\/\/zonaroja.com.mx\/index.php?rest_route=\/wp\/v2\/types\/post"}],"author":[{"embeddable":true,"href":"https:\/\/zonaroja.com.mx\/index.php?rest_route=\/wp\/v2\/users\/2"}],"replies":[{"embeddable":true,"href":"https:\/\/zonaroja.com.mx\/index.php?rest_route=%2Fwp%2Fv2%2Fcomments&post=26167"}],"version-history":[{"count":1,"href":"https:\/\/zonaroja.com.mx\/index.php?rest_route=\/wp\/v2\/posts\/26167\/revisions"}],"predecessor-version":[{"id":26168,"href":"https:\/\/zonaroja.com.mx\/index.php?rest_route=\/wp\/v2\/posts\/26167\/revisions\/26168"}],"wp:featuredmedia":[{"embeddable":true,"href":"https:\/\/zonaroja.com.mx\/index.php?rest_route=\/wp\/v2\/media\/8007"}],"wp:attachment":[{"href":"https:\/\/zonaroja.com.mx\/index.php?rest_route=%2Fwp%2Fv2%2Fmedia&parent=26167"}],"wp:term":[{"taxonomy":"category","embeddable":true,"href":"https:\/\/zonaroja.com.mx\/index.php?rest_route=%2Fwp%2Fv2%2Fcategories&post=26167"},{"taxonomy":"post_tag","embeddable":true,"href":"https:\/\/zonaroja.com.mx\/index.php?rest_route=%2Fwp%2Fv2%2Ftags&post=26167"}],"curies":[{"name":"wp","href":"https:\/\/api.w.org\/{rel}","templated":true}]}}