{"id":26169,"date":"2021-04-19T07:33:44","date_gmt":"2021-04-19T12:33:44","guid":{"rendered":"http:\/\/www.zonaroja.com.mx\/?p=26169"},"modified":"2021-04-19T07:33:47","modified_gmt":"2021-04-19T12:33:47","slug":"hallan-cuerpo-de-joven-ejecutado-en-la-costa-de-oaxaca","status":"publish","type":"post","link":"https:\/\/zonaroja.com.mx\/?p=26169","title":{"rendered":"Hallan cuerpo de joven ejecutado en la Costa de Oaxaca"},"content":{"rendered":"\n<p>Redacci\u00f3n\/Zona Roja.<\/p>\n\n\n\n<p>Oaxaca de Ju\u00e1rez, Oax., 19 de abril de 2021.- El cuerpo sin vida de un joven, con huellas de violencia, fue hallado tirado a un costado de la carretera federal n\u00famero 200, en la regi\u00f3n de la Costa de Oaxaca.<\/p>\n\n\n\n<p>Fue ayer por la tarde en el tramo vial El Lim\u00f3n-R\u00edo Seco, jurisdicci\u00f3n del municipio de San Pedro Pochutla, en que localizaron a la persona del sexo masculino.<\/p>\n\n\n\n<p>De manera preliminar fue identificada como Antonio Ruiz Palacios, alias \u201cTito\u201d y hasta ahora se desconoce el m\u00f3vil del crimen.<\/p>\n\n\n\n<p>MUJER AHOGADA<\/p>\n\n\n\n<p>Por otra parte, una mujer falleci\u00f3 la noche del s\u00e1bado y su cuerpo fue descubierto ayer, en una alberca de un domicilio particular de la calle Esperanza, ubicado detr\u00e1s del palacio municipal de Santa Cruz Amilpas, municipio conurbado a la capital.<\/p>\n\n\n\n<p>Fue identificada como Karina, de 18 a\u00f1os de edad, y a\u00fan se desconoce la forma en que perdi\u00f3 la vida.<\/p>\n\n\n\n<p>RI\u00d1A EN CENTRO<\/p>\n\n\n\n<p>Mientras tanto, anoche se suscit\u00f3 una ri\u00f1a en la calle Las Casas del Centro Hist\u00f3rico de la capital, presuntamente por disputarse el bot\u00edn de un robo.<\/p>\n\n\n\n<p>En esta ocasi\u00f3n los elementos policiacos llegaron a tiempo para detener al agresor, quien de acuerdo con la revisi\u00f3n de su archivo, cuenta con antecedentes penales por el delito de robo y fue identificado como Julio C. M.<\/p>\n","protected":false},"excerpt":{"rendered":"<p>Redacci\u00f3n\/Zona Roja. Oaxaca de Ju\u00e1rez, Oax., 19 de abril de 2021.- El cuerpo sin vida&hellip;<\/p>\n","protected":false},"author":2,"featured_media":26170,"comment_status":"closed","ping_status":"open","sticky":false,"template":"","format":"standard","meta":{"_lmt_disableupdate":"","_lmt_disable":"","_jetpack_memberships_contains_paid_content":false,"footnotes":""},"categories":[109,51],"tags":[151],"class_list":["post-26169","post","type-post","status-publish","format-standard","has-post-thumbnail","hentry","category-minuto-a-minuto","category-zona-roja","tag-san-pedro-pochutla"],"jetpack_featured_media_url":"https:\/\/zonaroja.com.mx\/wp-content\/uploads\/2021\/04\/Cuerpo-joven-asesinado-Costa.jpg","jetpack_sharing_enabled":true,"_links":{"self":[{"href":"https:\/\/zonaroja.com.mx\/index.php?rest_route=\/wp\/v2\/posts\/26169","targetHints":{"allow":["GET"]}}],"collection":[{"href":"https:\/\/zonaroja.com.mx\/index.php?rest_route=\/wp\/v2\/posts"}],"about":[{"href":"https:\/\/zonaroja.com.mx\/index.php?rest_route=\/wp\/v2\/types\/post"}],"author":[{"embeddable":true,"href":"https:\/\/zonaroja.com.mx\/index.php?rest_route=\/wp\/v2\/users\/2"}],"replies":[{"embeddable":true,"href":"https:\/\/zonaroja.com.mx\/index.php?rest_route=%2Fwp%2Fv2%2Fcomments&post=26169"}],"version-history":[{"count":1,"href":"https:\/\/zonaroja.com.mx\/index.php?rest_route=\/wp\/v2\/posts\/26169\/revisions"}],"predecessor-version":[{"id":26171,"href":"https:\/\/zonaroja.com.mx\/index.php?rest_route=\/wp\/v2\/posts\/26169\/revisions\/26171"}],"wp:featuredmedia":[{"embeddable":true,"href":"https:\/\/zonaroja.com.mx\/index.php?rest_route=\/wp\/v2\/media\/26170"}],"wp:attachment":[{"href":"https:\/\/zonaroja.com.mx\/index.php?rest_route=%2Fwp%2Fv2%2Fmedia&parent=26169"}],"wp:term":[{"taxonomy":"category","embeddable":true,"href":"https:\/\/zonaroja.com.mx\/index.php?rest_route=%2Fwp%2Fv2%2Fcategories&post=26169"},{"taxonomy":"post_tag","embeddable":true,"href":"https:\/\/zonaroja.com.mx\/index.php?rest_route=%2Fwp%2Fv2%2Ftags&post=26169"}],"curies":[{"name":"wp","href":"https:\/\/api.w.org\/{rel}","templated":true}]}}