{"id":26174,"date":"2021-04-19T08:10:35","date_gmt":"2021-04-19T13:10:35","guid":{"rendered":"http:\/\/www.zonaroja.com.mx\/?p=26174"},"modified":"2021-04-19T08:10:38","modified_gmt":"2021-04-19T13:10:38","slug":"opinion-impunidad-violencia-de-normalistas-y-sucesion-en-la-seccion-22","status":"publish","type":"post","link":"https:\/\/zonaroja.com.mx\/?p=26174","title":{"rendered":"Opini\u00f3n. Impunidad, violencia de normalistas y sucesi\u00f3n en la Secci\u00f3n 22"},"content":{"rendered":"\n<p>Ismael Garc\u00eda M.\/Zona Roja.<\/p>\n\n\n\n<p>Oaxaca de Ju\u00e1rez, Oax., 19 de abril de 2021.- Las voces de auxilio de los oaxaque\u00f1os ante los desmanes y vandalismo de normalistas nadie las oye.<\/p>\n\n\n\n<p>La autoridad ciega y sorda, ha optado por alentar la impunidad para no dar pie a la aplicaci\u00f3n de la ley, que a la vez genere victimizaci\u00f3n de los supuestos estudiantes.<\/p>\n\n\n\n<p>En ning\u00fan caso ha acudido la Polic\u00eda Estatal o la municipal respectiva, cuando se trata de afectaciones a la sociedad, a los comerciantes o a los empresarios, causando una irritaci\u00f3n social generalizada por la impunidad con que ha actuado medio centenar de sedicentes normalistas.<\/p>\n\n\n\n<p>Si el Instituto Estatal de Educaci\u00f3n P\u00fablica de Oaxaca asegura que ya atendi\u00f3 todos los requerimientos de quienes aspiran a ser docentes, entonces \u00bfpor qu\u00e9 el gobierno permite que sigan actuando con violencia en la capital del estado y zona conurbada?<\/p>\n\n\n\n<p>S\u00f3lo hasta que las oficinas de la Secretar\u00eda de Seguridad P\u00fablica se vieron amenazadas, el viernes, fue que llenaron de patrullas y polic\u00edas la avenida Belisario Dom\u00ednguez de la colonia Reforma, en incluso cerraron la vialidad por una hora.<\/p>\n\n\n\n<p>Pero nada m\u00e1s. Los sedicentes estudiantes han cerrado calles, retenido cotidianamente autobuses del transporte urbano; han saqueado camiones y robado mercanc\u00eda; tienen como guarida un centro educativo; se apoderaron hasta de cheques de los propios profesores de la Secci\u00f3n 22 e incluso quemaron la puerta de la sede del comit\u00e9 ejecutivo, a una cuadra del Palacio de Gobierno y del z\u00f3calo. Y nada pasa.<\/p>\n\n\n\n<p>\u00bfCu\u00e1ndo las autoridades de seguridad har\u00e1n algo para frenar los desmanes que no s\u00f3lo afectan a un sector sociales?, es la angustiosa pregunta cotidiana.<\/p>\n\n\n\n<p>Heliodoro D\u00edaz Esc\u00e1rraga, literalmente se encuentra escondido para no actuar con la fuerza p\u00fablica y, en consecuencia, generar reacciones en su contra que alienten a pedirle renunciar al cargo, a casi dos semanas de asumir el cargo.<\/p>\n\n\n\n<p>De hecho, han sido las organizaciones sociales quienes desde su llegada (8 de abril), exigieron su cese, por ser calificado como parte del grupo de funcionarios que arremeti\u00f3 contra el magisterio en el a\u00f1o 2006.<\/p>\n\n\n\n<p>Incluso, de \u00faltima hora pararon, el pasado mi\u00e9rcoles, una propuesta del diputado Horacio Sosa Villavicencio, para pedir desde el Congreso, al gobernador Alejandro Murat que retire a Heliodoro D\u00edaz.<\/p>\n\n\n\n<p>LOS PLEITOS<\/p>\n\n\n\n<p>Si hay asuntos concluidos y resueltos a trav\u00e9s del IEEPO, \u00bfpor qu\u00e9 siguen los desmanes, iniciados hace tres semanas?<\/p>\n\n\n\n<p>No es novedad que en las 11 escuelas normales del estado, donde se forman docentes, los estudiantes sean adoctrinados para efectuar acciones violentas, cuando sea necesario.<\/p>\n\n\n\n<p>En a\u00f1os recientes incluso se difundieron casos en la Normal de Tamazul\u00e1pam del Progreso, donde dicha formaci\u00f3n extrema hab\u00eda originado afectaciones a algunas alumnas.<\/p>\n\n\n\n<p>El argumento es que es la forma de lucha para hacerse escuchar y exigir sus complacencias. As\u00ed, desde las aulas quedan listos para dar la batalla f\u00edsica en las calles y, cada vez que sea necesaria, poner en pr\u00e1ctica esa violencia aprendida.<\/p>\n\n\n\n<p>Las pistas de origen de la violencia normalista: el pasado 16 de abril, la Coordinadora Estudiantil Normalista del Estado de Oaxaca emiti\u00f3 un pronunciamiento donde reprochan la \u201ccampa\u00f1a de denostaci\u00f3n\u201d, pese a los hechos evidentes.<\/p>\n\n\n\n<p>Pero adem\u00e1s, revel\u00f3 el verdadero motivo: \u201c\u2026 nos vemos en la necesidad de aclarar varios puntos en vista de las respuestas indignantes de la dirigencia de la Secci\u00f3n XXII con la finalidad de atender nuestras demandas justas.<\/p>\n\n\n\n<p>\u201cEsclareciendo a los compa\u00f1eros de base del magisterio que nuestras acciones no son en contra del movimiento democr\u00e1tico, sino en contra de los actuales dirigentes\u201d.<\/p>\n\n\n\n<p>S\u00ed, la respuesta de la ola violenta \u2013-de la que no tienen culpa los oaxaque\u00f1os&#8211; es la disputa por el poder en la gremial.<\/p>\n\n\n\n<p>La respuesta est\u00e1 tambi\u00e9n en la pugna interna en la propia Secci\u00f3n 22, por el relevo del Comit\u00e9 Ejecutivo Seccional.<\/p>\n\n\n\n<p>El mandato de Eloy L\u00f3pez Hern\u00e1ndez feneci\u00f3 desde enero pasado, tras cuatro a\u00f1os en el cargo -\u2013fue designado el 21 de enero de 20217&#8211; y hasta ahora, bajo el pretexto de la pandemia, se ha mantenido tres meses m\u00e1s en el cargo y pretende terminar este a\u00f1o.<\/p>\n\n\n\n<p>No es un secreto tambi\u00e9n de la pugna e irritaci\u00f3n de la mayor\u00eda integrantes de la Comisi\u00f3n Pol\u00edtica y del comit\u00e9 ejecutivo seccional en contra de Eloy L\u00f3pez Hern\u00e1ndez y Genaro Mart\u00ednez Morales, este \u00faltimo secretario de Organizaci\u00f3n.<\/p>\n\n\n\n<p>Tampoco es novedad que uno de los principales oponentes a esa dupla es el secretario de Prensa y Propaganda, Wilbert Santiago Valdivieso debido a, entre otros, el entreguismo de la dupla al actual gobierno estatal; la nula movilizaci\u00f3n; el probable enriquecimiento il\u00edcito de esos dos dirigentes; el acaparamiento de cargos de representaci\u00f3n popular, v\u00eda Morena, como es el caso de los familiares de Eloy L\u00f3pez.<\/p>\n\n\n\n<p>Por eso no falta raz\u00f3n al grupo acusado de se\u00f1alar a Wilbert como el cabecilla de la violencia, azuzando a los normalistas; su inter\u00e9s pol\u00edtico en la regi\u00f3n del Istmo, tambi\u00e9n con Morena, pero sobre todo, su inter\u00e9s por pelear la Secretar\u00eda General.<\/p>\n\n\n\n<p>En respuesta, los acusados aseguran que Eloy L\u00f3pez, en presunto contubernio con funcionarios menores del gobierno, es el autor de la campa\u00f1a en contra de Wilbert y de Luis Fernando Canseco Gir\u00f3n, ex dirigente magisterial, por cuestionar al comit\u00e9 ejecutivo seccional.<\/p>\n\n\n\n<p>Pero hay m\u00e1s:<\/p>\n\n\n\n<p>Jes\u00fas Alejandro Ojeda Cruz fue destituido de la dirigencia de la CENEO, lo que origin\u00f3 tambi\u00e9n la ola de movilizaciones. El joven es hijo de Jes\u00fas Ojeda Barrag\u00e1n, auxiliar de la Secretar\u00eda de Asistencia y Previsi\u00f3n Social del comit\u00e9 ejecutivo seccional, y pertenece al sector Huajuapan.<\/p>\n\n\n\n<p>El dirigente normalista era, literalmente, manipulado por Eloy L\u00f3pez Hern\u00e1ndez, lo que fue descubierto por los integrantes de la CENEO.<\/p>\n\n\n\n<p>Vienen m\u00e1s tiempos violentos en el magisterio de la Secci\u00f3n 22, que se aparejar\u00e1n con la revisi\u00f3n salarial de cada a\u00f1o, cuyo pliego presentan el 1 de mayo y demandan una soluci\u00f3n el d\u00eda 15 del mismo mes. De hecho, este lunes hay concentraci\u00f3n de un mayor n\u00famero de supuestos estudiantes en el Centro Regional de Educaci\u00f3n Normal.<\/p>\n\n\n\n<p>Pero entonces, \u00bfqu\u00e9 culpa tienen los oaxaque\u00f1os de los desmanes, movilizaciones y agresiones contra la sociedad? \u00bfAcaso pretenden generar un 2006 y con ello &#8211;como ocurre c\u00edclicamente, recu\u00e9rdese el 2016&#8211; victimizarse para ganar m\u00e1s adeptos o para enriquecerse m\u00e1s? \u00bfCon incendiar Oaxaca pretenden el control del magisterio? Y entonces, \u00bfC\u00f3mo para cu\u00e1ndo actuar\u00e1 la polic\u00eda para proteger a los oaxaque\u00f1os?<\/p>\n\n\n\n<p>POSDATA:<\/p>\n\n\n\n<p>BOLA\u00d1OS CACHO, EL HAZMERRE\u00cdR<\/p>\n\n\n\n<p>Un episodio de verg\u00fcenza nacional vivi\u00f3 M\u00e9xico la semana pasada\u2026 originada por un legislador oaxaque\u00f1o que desconoce absolutamente de leyes. S\u00ed, el imberbe senador del Verde Ecologista, Ra\u00fal Bola\u00f1os Cacho Cu\u00e9, hijo del ex presidente del Tribunal Superior de Justicia, Ra\u00fal Bola\u00f1os Cacho Guzm\u00e1n, ahora c\u00f3nsul en Brasil.<\/p>\n\n\n\n<p>\u00bfNi as\u00ed aprendi\u00f3 que lo que menos debe hacer un legislador es proponer violar la Constituci\u00f3n General de la Rep\u00fablica? El 15 de abril, el senador meti\u00f3 de manera discrecional un transitorio que, adem\u00e1s, fue aprobado por la mayor\u00eda de los senadores\u2026 sin leerla. La irritaci\u00f3n generalizada en la C\u00e1mara alta vino despu\u00e9s a nivel nacional. Pero ya estaba hecho: por instrucci\u00f3n presidencial, se favoreci\u00f3 prorrogar dos a\u00f1os el mandato del presidente de la SCJN, Arturo Zald\u00edvar, violando la Constituci\u00f3n.<\/p>\n\n\n\n<p>Los ep\u00edtetos y las denostaciones en contra de Bola\u00f1os Cacho Cu\u00e9 crecen irremediablemente, hasta considerarlo un servil de los intereses de Morena, mientras que \u00e9stos optaron por no manchar su negro plumaje.<\/p>\n\n\n\n<p>Y todo por congraciarse con el Partido Morena, cuyo grupo de Ricardo Monreal ya le prometi\u00f3 apoyarlo para que sea candidato a gobernador\u2026 cuando la decisi\u00f3n por otro nombre ya est\u00e1 tomada.<\/p>\n","protected":false},"excerpt":{"rendered":"<p>Ismael Garc\u00eda M.\/Zona Roja. Oaxaca de Ju\u00e1rez, Oax., 19 de abril de 2021.- Las voces&hellip;<\/p>\n","protected":false},"author":2,"featured_media":7610,"comment_status":"closed","ping_status":"open","sticky":false,"template":"","format":"standard","meta":{"_lmt_disableupdate":"","_lmt_disable":"","_jetpack_memberships_contains_paid_content":false,"footnotes":""},"categories":[456,109,48],"tags":[1353],"class_list":["post-26174","post","type-post","status-publish","format-standard","has-post-thumbnail","hentry","category-columna","category-minuto-a-minuto","category-zona-critica","tag-opinion-zona-critica"],"jetpack_featured_media_url":"https:\/\/zonaroja.com.mx\/wp-content\/uploads\/2020\/01\/Opini\u00f3n-Zona-Cr\u00edtica.jpg","jetpack_sharing_enabled":true,"_links":{"self":[{"href":"https:\/\/zonaroja.com.mx\/index.php?rest_route=\/wp\/v2\/posts\/26174","targetHints":{"allow":["GET"]}}],"collection":[{"href":"https:\/\/zonaroja.com.mx\/index.php?rest_route=\/wp\/v2\/posts"}],"about":[{"href":"https:\/\/zonaroja.com.mx\/index.php?rest_route=\/wp\/v2\/types\/post"}],"author":[{"embeddable":true,"href":"https:\/\/zonaroja.com.mx\/index.php?rest_route=\/wp\/v2\/users\/2"}],"replies":[{"embeddable":true,"href":"https:\/\/zonaroja.com.mx\/index.php?rest_route=%2Fwp%2Fv2%2Fcomments&post=26174"}],"version-history":[{"count":1,"href":"https:\/\/zonaroja.com.mx\/index.php?rest_route=\/wp\/v2\/posts\/26174\/revisions"}],"predecessor-version":[{"id":26175,"href":"https:\/\/zonaroja.com.mx\/index.php?rest_route=\/wp\/v2\/posts\/26174\/revisions\/26175"}],"wp:featuredmedia":[{"embeddable":true,"href":"https:\/\/zonaroja.com.mx\/index.php?rest_route=\/wp\/v2\/media\/7610"}],"wp:attachment":[{"href":"https:\/\/zonaroja.com.mx\/index.php?rest_route=%2Fwp%2Fv2%2Fmedia&parent=26174"}],"wp:term":[{"taxonomy":"category","embeddable":true,"href":"https:\/\/zonaroja.com.mx\/index.php?rest_route=%2Fwp%2Fv2%2Fcategories&post=26174"},{"taxonomy":"post_tag","embeddable":true,"href":"https:\/\/zonaroja.com.mx\/index.php?rest_route=%2Fwp%2Fv2%2Ftags&post=26174"}],"curies":[{"name":"wp","href":"https:\/\/api.w.org\/{rel}","templated":true}]}}