{"id":26181,"date":"2021-04-19T16:39:05","date_gmt":"2021-04-19T21:39:05","guid":{"rendered":"http:\/\/www.zonaroja.com.mx\/?p=26181"},"modified":"2021-04-19T16:42:52","modified_gmt":"2021-04-19T21:42:52","slug":"una-semana-en-semaforo-verde-en-oaxaca-77-contagiados-y-7-decesos-diarios","status":"publish","type":"post","link":"https:\/\/zonaroja.com.mx\/?p=26181","title":{"rendered":"Una semana en sem\u00e1foro verde en Oaxaca: 65 contagiados y 7.4 decesos diarios"},"content":{"rendered":"\n<p>Yuridiana Sosa\/Zona Roja.<\/p>\n\n\n\n<p>Oaxaca de Ju\u00e1rez, Oax., 19 de abril de 2021.- Los contagios de Covid-19 en Oaxaca van en ascenso, pese al sem\u00e1foro epidemiol\u00f3gico en color verde, donde las manifestaciones por grupos masivos, movilizaciones, campa\u00f1as electorales, van tambi\u00e9n en incremento.<\/p>\n\n\n\n<p>En el transcurso de la primera semana con el nivel de menor riesgo para los contagios &#8211;seg\u00fan establece el sem\u00e1foro&#8211;, en la entidad se registraron 456 nuevos casos de Covid-19 y 52 defunciones. Es decir, un promedio de 65 enfermos y 7.4 fallecimientos cada d\u00eda.<\/p>\n\n\n\n<p>Oaxaca pas\u00f3 &#8211;entre el 12 al 18 de abril&#8211; de 44 mil 693 contagios acumulados a 45 mil 149, mientras que de tres mil 328 defunciones ascendi\u00f3 a tres mil 380, donde las personas adultas mayores siguen siendo las principales v\u00edctimas.<\/p>\n\n\n\n<p>A un a\u00f1o de la contingencia sanitaria, la regi\u00f3n de Valles Centrales no deja de concentrar el mayor n\u00famero de casos, adem\u00e1s de ser el centro de movilizaciones, que al cambio de sem\u00e1foro amarillo a verde \u201creventaron\u201d.<\/p>\n\n\n\n<p>En esta zona se registr\u00f3 el 73.6 por ciento de los nuevos contagios que se confirmaron en la primera semana en verde con 336 casos, as\u00ed como representa el 38 por ciento de las defunciones en el estado, con 20 casos.<\/p>\n\n\n\n<p>Durante esta primera semana, la ocupaci\u00f3n hospitalaria se mantuvo por debajo del 30 por ciento, y aunque el n\u00famero de enfermos fue en aumento, con hasta m\u00e1s de 100 casos por d\u00eda, el porcentaje disminuy\u00f3, pas\u00f3 de 25.3 por ciento el 12 de abril al 21.9 por ciento este 18 de abril.<\/p>\n\n\n\n<p>El movimiento en la entidad contin\u00faa y en el reporte m\u00e1s reciente los Servicios de Salud de Oaxaca informaron que el color verde en el sem\u00e1foro epidemiol\u00f3gico continuar\u00e1 otra semana m\u00e1s.<\/p>\n","protected":false},"excerpt":{"rendered":"<p>Yuridiana Sosa\/Zona Roja. Oaxaca de Ju\u00e1rez, Oax., 19 de abril de 2021.- Los contagios de&hellip;<\/p>\n","protected":false},"author":2,"featured_media":8431,"comment_status":"closed","ping_status":"open","sticky":false,"template":"","format":"standard","meta":{"_lmt_disableupdate":"","_lmt_disable":"","_jetpack_memberships_contains_paid_content":false,"footnotes":""},"categories":[109,47],"tags":[1512],"class_list":["post-26181","post","type-post","status-publish","format-standard","has-post-thumbnail","hentry","category-minuto-a-minuto","category-zona-gris","tag-coronavirus-oaxaca"],"jetpack_featured_media_url":"https:\/\/zonaroja.com.mx\/wp-content\/uploads\/2020\/02\/Coronavirus-china5.jpg","jetpack_sharing_enabled":true,"_links":{"self":[{"href":"https:\/\/zonaroja.com.mx\/index.php?rest_route=\/wp\/v2\/posts\/26181","targetHints":{"allow":["GET"]}}],"collection":[{"href":"https:\/\/zonaroja.com.mx\/index.php?rest_route=\/wp\/v2\/posts"}],"about":[{"href":"https:\/\/zonaroja.com.mx\/index.php?rest_route=\/wp\/v2\/types\/post"}],"author":[{"embeddable":true,"href":"https:\/\/zonaroja.com.mx\/index.php?rest_route=\/wp\/v2\/users\/2"}],"replies":[{"embeddable":true,"href":"https:\/\/zonaroja.com.mx\/index.php?rest_route=%2Fwp%2Fv2%2Fcomments&post=26181"}],"version-history":[{"count":2,"href":"https:\/\/zonaroja.com.mx\/index.php?rest_route=\/wp\/v2\/posts\/26181\/revisions"}],"predecessor-version":[{"id":26184,"href":"https:\/\/zonaroja.com.mx\/index.php?rest_route=\/wp\/v2\/posts\/26181\/revisions\/26184"}],"wp:featuredmedia":[{"embeddable":true,"href":"https:\/\/zonaroja.com.mx\/index.php?rest_route=\/wp\/v2\/media\/8431"}],"wp:attachment":[{"href":"https:\/\/zonaroja.com.mx\/index.php?rest_route=%2Fwp%2Fv2%2Fmedia&parent=26181"}],"wp:term":[{"taxonomy":"category","embeddable":true,"href":"https:\/\/zonaroja.com.mx\/index.php?rest_route=%2Fwp%2Fv2%2Fcategories&post=26181"},{"taxonomy":"post_tag","embeddable":true,"href":"https:\/\/zonaroja.com.mx\/index.php?rest_route=%2Fwp%2Fv2%2Ftags&post=26181"}],"curies":[{"name":"wp","href":"https:\/\/api.w.org\/{rel}","templated":true}]}}