{"id":26185,"date":"2021-04-19T16:59:09","date_gmt":"2021-04-19T21:59:09","guid":{"rendered":"http:\/\/www.zonaroja.com.mx\/?p=26185"},"modified":"2021-04-19T16:59:12","modified_gmt":"2021-04-19T21:59:12","slug":"peimbert-agobiado-en-un-mes-se-acumulan-delitos-de-alto-impacto-todos-impunes","status":"publish","type":"post","link":"https:\/\/zonaroja.com.mx\/?p=26185","title":{"rendered":"Peimbert, agobiado: en un mes se acumulan delitos de alto impacto, todos impunes"},"content":{"rendered":"\n<p>Evlin Arag\u00f3n\/Zona Roja.<\/p>\n\n\n\n<p>Oaxaca de Ju\u00e1rez, Oax., 19 de abril de 2021.- A un mes del relevo en la titularidad de la Fiscal\u00eda General de Justicia de Oaxaca y con ello la llegada de Arturo Peimbert Calvo al cargo, tras una cuestionada designaci\u00f3n por parte de la 64 Legislatura, con mayor\u00eda de morenistas, los hechos violentos y la falta de acceso a la justicia en la entidad siguen sin resolverse.&nbsp;&nbsp;<\/p>\n\n\n\n<p>Para muestra, varios delitos de alto impacto que incluso han cobrado relevancia internacional debido a sus repercusiones, como el ataque armado que le quito la vida a Ivonne Gallegos Carre\u00f1o, quien aspiraba a la presidencia municipal de su natal Ocotl\u00e1n de Morelos.&nbsp;<\/p>\n\n\n\n<p>El asesinato de la ex funcionaria p\u00fablica y ex diputada local se llev\u00f3 a cabo el 20 de marzo en plena v\u00eda p\u00fablica, mientras abordaba su veh\u00edculo. A un mes de los hechos no hay avances. Dos semas despu\u00e9s del ataque, falleci\u00f3 su chofer.<\/p>\n\n\n\n<p>Al respecto, la activista Eufrosina Cruz Mendoza, ha llevado el caso a los medios nacionales y pedido p\u00fablicamente al fiscal resultados en torno al caso, con la intenci\u00f3n de dar con el paradero de los responsables y sancionarlos con todo el peso de la ley.&nbsp;<\/p>\n\n\n\n<p>Otro caso pendiente y del cual tampoco no hay avances, es la desaparici\u00f3n de la activista Claudia Uruchurtu, registrada el 26 de marzo en el municipio de Asunci\u00f3n Nochixtl\u00e1n, luego de que participara en una protesta contra la edil Lizbeth Victoria Huerta, misma que fue disuadida por la polic\u00eda de la localidad.&nbsp;<\/p>\n\n\n\n<p>De acuerdo con las hermanas de Claudia, se trata del primer caso p\u00fablico de desaparici\u00f3n forzada por parte del Estado, durante la administraci\u00f3n de Andr\u00e9s Manuel L\u00f3pez Obrador en contra de una ciudadana m\u00e9xico-brit\u00e1nica, de ah\u00ed que la presi\u00f3n de organismos internacionales actualmente sea un punto a considerar.&nbsp;<\/p>\n\n\n\n<p>Al respecto y de manera recientemente la Fiscal\u00eda dio a conocer operativos de b\u00fasqueda, bajo el delito de destrucci\u00f3n clandestina de cad\u00e1ver y no por desaparici\u00f3n forzada.<\/p>\n\n\n\n<p>Sin embargo, no hay indicios del paradero de la activista que meses antes meses evidenci\u00f3 presuntas irregularidades en la administraci\u00f3n municipal, las cuales incluso expuso ante el \u00d3rgano Superior Fiscalizador del Estado de Oaxaca.&nbsp;<\/p>\n\n\n\n<p>A los casos sin resolver se suma el asesinato de tres polic\u00edas municipales de San Pablo Coatl\u00e1n, entre ellos una mujer, quienes fueron ejecutados y luego calcinados junto con la patrulla en la que viajaban.&nbsp;<\/p>\n\n\n\n<p>Los hechos, por los que la Fiscal\u00eda inicio una carpeta de investigaci\u00f3n, se registraron el pasado 3 de abril, alrededor de las 11:00 horas en la carretera Barranca Larga-Ventanilla, donde fue localizada una patrulla de la polic\u00eda municipal totalmente calcinada.<\/p>\n\n\n\n<p>Como en los casos anterior, a\u00fan no hay avances en torno a las indagatorias, o al menos no se han hecho p\u00fablicos por parte de las autoridades.&nbsp;<\/p>\n\n\n\n<p>Finalmente, y aunque es m\u00e1s reciente, el asesinato de Leonardo D\u00edaz Cruz, padre de la diputada federal y dirigente local del Partido Acci\u00f3n Nacional, Natividad D\u00edaz Jim\u00e9nez, mantiene los ojos puestos en la Fiscal\u00eda, a cuyo titular se ha exigido una actuaci\u00f3n ejemplar.&nbsp;&nbsp;<\/p>\n\n\n\n<p>El exedil de Ejutla de Crespo fue atacado, el pasado 13 de abril por un grupo de hombres armados, al momento de abordar su camioneta en el estacionamiento de una ferreter\u00eda ubicada en la avenida S\u00edmbolos Patrios, en los l\u00edmites con el municipio de San Antonio de la Cal.<\/p>\n\n\n\n<p>Al lugar arrib\u00f3 el propio fiscal, quien se comprometi\u00f3 a realizar una investigaci\u00f3n exhaustiva para dar con el paradero de los responsables, quienes se dieron a la fuga a bordo de una motocicleta.&nbsp;<\/p>\n\n\n\n<p>Apenas este domingo, decenas de personas marcharon por la ciudad de Oaxaca para exigir alto a la inseguridad, violencia e impunidad que se vive en la entidad, esta \u00faltima responsabilidad de la Fiscal\u00eda y que ha dado pie al alza en la incidencia delictiva que aqueja a la ciudadan\u00eda.&nbsp;<\/p>\n\n\n\n<p>Con m\u00e1s de 30 d\u00edas en el cargo, el fiscal Arturo Peimbert Calvo trae a cuestas varios pendientes por resolver, sin contar los que le hered\u00f3 su antecesor Rub\u00e9n Vasconcelos M\u00e9ndez, que se cuentan por decenas.&nbsp;<\/p>\n","protected":false},"excerpt":{"rendered":"<p>Evlin Arag\u00f3n\/Zona Roja. Oaxaca de Ju\u00e1rez, Oax., 19 de abril de 2021.- A un mes&hellip;<\/p>\n","protected":false},"author":2,"featured_media":24882,"comment_status":"closed","ping_status":"open","sticky":false,"template":"","format":"standard","meta":{"_lmt_disableupdate":"","_lmt_disable":"","_jetpack_memberships_contains_paid_content":false,"footnotes":""},"categories":[109,47],"tags":[2532],"class_list":["post-26185","post","type-post","status-publish","format-standard","has-post-thumbnail","hentry","category-minuto-a-minuto","category-zona-gris","tag-arturo-peimbert-calvo"],"jetpack_featured_media_url":"https:\/\/zonaroja.com.mx\/wp-content\/uploads\/2021\/03\/Fiscalia-que-sirva.png","jetpack_sharing_enabled":true,"_links":{"self":[{"href":"https:\/\/zonaroja.com.mx\/index.php?rest_route=\/wp\/v2\/posts\/26185","targetHints":{"allow":["GET"]}}],"collection":[{"href":"https:\/\/zonaroja.com.mx\/index.php?rest_route=\/wp\/v2\/posts"}],"about":[{"href":"https:\/\/zonaroja.com.mx\/index.php?rest_route=\/wp\/v2\/types\/post"}],"author":[{"embeddable":true,"href":"https:\/\/zonaroja.com.mx\/index.php?rest_route=\/wp\/v2\/users\/2"}],"replies":[{"embeddable":true,"href":"https:\/\/zonaroja.com.mx\/index.php?rest_route=%2Fwp%2Fv2%2Fcomments&post=26185"}],"version-history":[{"count":1,"href":"https:\/\/zonaroja.com.mx\/index.php?rest_route=\/wp\/v2\/posts\/26185\/revisions"}],"predecessor-version":[{"id":26186,"href":"https:\/\/zonaroja.com.mx\/index.php?rest_route=\/wp\/v2\/posts\/26185\/revisions\/26186"}],"wp:featuredmedia":[{"embeddable":true,"href":"https:\/\/zonaroja.com.mx\/index.php?rest_route=\/wp\/v2\/media\/24882"}],"wp:attachment":[{"href":"https:\/\/zonaroja.com.mx\/index.php?rest_route=%2Fwp%2Fv2%2Fmedia&parent=26185"}],"wp:term":[{"taxonomy":"category","embeddable":true,"href":"https:\/\/zonaroja.com.mx\/index.php?rest_route=%2Fwp%2Fv2%2Fcategories&post=26185"},{"taxonomy":"post_tag","embeddable":true,"href":"https:\/\/zonaroja.com.mx\/index.php?rest_route=%2Fwp%2Fv2%2Ftags&post=26185"}],"curies":[{"name":"wp","href":"https:\/\/api.w.org\/{rel}","templated":true}]}}