{"id":26187,"date":"2021-04-19T17:08:37","date_gmt":"2021-04-19T22:08:37","guid":{"rendered":"http:\/\/www.zonaroja.com.mx\/?p=26187"},"modified":"2021-04-19T17:08:41","modified_gmt":"2021-04-19T22:08:41","slug":"presidenta-de-la-cienega-renuncia-al-prd-acusa-extravio-de-ideologia-de-izquierda","status":"publish","type":"post","link":"https:\/\/zonaroja.com.mx\/?p=26187","title":{"rendered":"Presidenta de La Ci\u00e9nega renuncia al PRD; acusa extrav\u00edo de ideolog\u00eda de izquierda"},"content":{"rendered":"\n<p>Oaxaca de Ju\u00e1rez, Oax., 19 de abril de 2021. Tras se\u00f1alar que, al aliarse con el PRI y el PAN, el Partido de la Revoluci\u00f3n Democr\u00e1tica (PRD) perdi\u00f3 el esp\u00edritu de lucha bajo el cual se cre\u00f3, la actual presidenta municipal de La Ci\u00e9nega, Concepci\u00f3n Libia Hern\u00e1ndez Castillo, renunci\u00f3 al sol azteca.<\/p>\n\n\n\n<p>Hern\u00e1ndez Castillo se\u00f1al\u00f3 que la decisi\u00f3n surgi\u00f3 desde un posicionamiento personal. En este sentido revel\u00f3 que las causas son conocidas, el PRD se ali\u00f3 con el PRI y el PAN, lo que evidencia el deterioro ideol\u00f3gico que este instituto pol\u00edtico ha mantenido de unos a\u00f1os a la fecha.<\/p>\n\n\n\n<p>Concepci\u00f3n Hern\u00e1ndez agreg\u00f3 que la alianza del PRD con el PRI y el PAN es producto de la carencia de un proyecto integral e ideol\u00f3gico que abandere las causas de izquierda. Expres\u00f3 que con esta coalici\u00f3n, el PRD se olvid\u00f3 de la gente m\u00e1s vulnerable de Oaxaca y opt\u00f3 solo por intereses personales de la c\u00fapula del poder.<\/p>\n\n\n\n<p>Dijo que durante su militancia en el PRD, se desempe\u00f1\u00f3 congruente a la ideolog\u00eda, bajo la cual se fund\u00f3 el partido en 1989, trabajando de manera responsable y procurando la transformaci\u00f3n y el progreso de la sociedad, principalmente, del municipio de La Ci\u00e9nega, Zimatl\u00e1n.<\/p>\n\n\n\n<p>Agradeci\u00f3 la oportunidad de haber militado en este instituto pol\u00edtico y el haberle permitirle servir a su municipio. Refrend\u00f3 su compromiso de trabajar por su comunidad desde diferentes trincheras.<\/p>\n","protected":false},"excerpt":{"rendered":"<p>Oaxaca de Ju\u00e1rez, Oax., 19 de abril de 2021. Tras se\u00f1alar que, al aliarse con&hellip;<\/p>\n","protected":false},"author":2,"featured_media":26188,"comment_status":"closed","ping_status":"open","sticky":false,"template":"","format":"standard","meta":{"_lmt_disableupdate":"","_lmt_disable":"","_jetpack_memberships_contains_paid_content":false,"footnotes":""},"categories":[109,47],"tags":[1528],"class_list":["post-26187","post","type-post","status-publish","format-standard","has-post-thumbnail","hentry","category-minuto-a-minuto","category-zona-gris","tag-la-cienega-zimatlan"],"jetpack_featured_media_url":"https:\/\/zonaroja.com.mx\/wp-content\/uploads\/2021\/04\/EDIL-CONCEPCION.jpeg","jetpack_sharing_enabled":true,"_links":{"self":[{"href":"https:\/\/zonaroja.com.mx\/index.php?rest_route=\/wp\/v2\/posts\/26187","targetHints":{"allow":["GET"]}}],"collection":[{"href":"https:\/\/zonaroja.com.mx\/index.php?rest_route=\/wp\/v2\/posts"}],"about":[{"href":"https:\/\/zonaroja.com.mx\/index.php?rest_route=\/wp\/v2\/types\/post"}],"author":[{"embeddable":true,"href":"https:\/\/zonaroja.com.mx\/index.php?rest_route=\/wp\/v2\/users\/2"}],"replies":[{"embeddable":true,"href":"https:\/\/zonaroja.com.mx\/index.php?rest_route=%2Fwp%2Fv2%2Fcomments&post=26187"}],"version-history":[{"count":1,"href":"https:\/\/zonaroja.com.mx\/index.php?rest_route=\/wp\/v2\/posts\/26187\/revisions"}],"predecessor-version":[{"id":26189,"href":"https:\/\/zonaroja.com.mx\/index.php?rest_route=\/wp\/v2\/posts\/26187\/revisions\/26189"}],"wp:featuredmedia":[{"embeddable":true,"href":"https:\/\/zonaroja.com.mx\/index.php?rest_route=\/wp\/v2\/media\/26188"}],"wp:attachment":[{"href":"https:\/\/zonaroja.com.mx\/index.php?rest_route=%2Fwp%2Fv2%2Fmedia&parent=26187"}],"wp:term":[{"taxonomy":"category","embeddable":true,"href":"https:\/\/zonaroja.com.mx\/index.php?rest_route=%2Fwp%2Fv2%2Fcategories&post=26187"},{"taxonomy":"post_tag","embeddable":true,"href":"https:\/\/zonaroja.com.mx\/index.php?rest_route=%2Fwp%2Fv2%2Ftags&post=26187"}],"curies":[{"name":"wp","href":"https:\/\/api.w.org\/{rel}","templated":true}]}}