{"id":26190,"date":"2021-04-19T19:12:20","date_gmt":"2021-04-20T00:12:20","guid":{"rendered":"http:\/\/www.zonaroja.com.mx\/?p=26190"},"modified":"2021-04-19T19:12:29","modified_gmt":"2021-04-20T00:12:29","slug":"levantan-denuncia-contra-jovenes-vandalismo-y-danos-a-inmuebles-publicos","status":"publish","type":"post","link":"https:\/\/zonaroja.com.mx\/?p=26190","title":{"rendered":"Levantan denuncia contra j\u00f3venes vandalismo y da\u00f1os a inmuebles p\u00fablicos"},"content":{"rendered":"\n<p>Redacci\u00f3n\/Zona Roja.<\/p>\n\n\n\n<p>Oaxaca de Ju\u00e1rez, Oax., 19 de abril de 2021.- Tras da\u00f1os y robo a diversos inmuebles p\u00fablicos, la mayor\u00eda del Instituto Estatal de Educaci\u00f3n P\u00fablica de Oaxaca (IEEPO), la instituci\u00f3n a trav\u00e9s de su \u00e1rea jur\u00eddica, levant\u00f3 una denuncia ante la Fiscal\u00eda General del Estado en contra de los j\u00f3venes que realizaron actos vand\u00e1licos.<\/p>\n\n\n\n<p>Desde hace m\u00e1s de dos semanas, un grupo de supuestos estudiantes de escuelas normales, se han dedicado a cometer desmanes, bloquear carreteras y vialidades en la capital y zona conurbada, as\u00ed como retener autobuses de pasajeros y camiones de mercanc\u00edas, adem\u00e1s de agredir a la poblaci\u00f3n, entre ellos a periodistas.<\/p>\n\n\n\n<p>Ello bajo la exigencia de supuestos incumplimientos por parte del IEEPO pero principalmente rechazar la desaparici\u00f3n de escuelas normales en el pa\u00eds.<\/p>\n\n\n\n<p>Sin embargo, con anterioridad, el Instituto indic\u00f3 que ha dado respuesta puntual a todas las demandas de car\u00e1cter institucional.<\/p>\n\n\n\n<p>Respecto a la desaparici\u00f3n de las normales, ha reiterado que es falso y que la misma SEP ya lo desminti\u00f3; por el contrario, en Oaxaca el gobierno estatal las ha fortalecido y para lo cual puso a disposici\u00f3n informaci\u00f3n disponible en: https:\/\/www.oaxaca.gob.mx\/ieepo\/oficio-de-la-dgesum-de-compromisos-de-la-sep-con-las-escuelas-normales\/<\/p>\n\n\n\n<p>De la misma manera, se han contratado al 100 por ciento de los egresados normalistas y est\u00e1 en proceso de contrataci\u00f3n la \u00faltima generaci\u00f3n 2019\u20132020, por lo que recalc\u00f3 que nadie se ha quedado fuera.<\/p>\n\n\n\n<p>Con respecto al examen de admisi\u00f3n a las normales, dijo que es h\u00edbrido, esto es, hay las opciones de hacerlo presencial y en l\u00ednea, para que todos tengan las mismas oportunidades, cuidando la salud y la vida en \u00e9poca de pandemia.<\/p>\n\n\n\n<p>Adem\u00e1s, el acceso al sistema de registro est\u00e1 abierto y se puede realizar en la p\u00e1gina web institucional www.oaxaca.gob.mx\/ieepo\/ o mediante el enlace www.oaxaca.gob.mx\/ieepo\/normales-convocatoria-2021, donde se detalla el procedimiento y fechas importantes.<\/p>\n\n\n\n<p>El IEEPO se\u00f1al\u00f3 que hace m\u00e1s de tres semanas la autoridad educativa respondi\u00f3 al pliego de peticiones que presentaron los representantes estudiantiles reconocidos. El IEEPO lo hizo p\u00fablico y se puede consultar en l\u00ednea en la siguiente liga: https:\/\/www.oaxaca.gob.mx\/ieepo\/respuesta-a-normalistas\/<\/p>\n\n\n\n<p>\u201cLa SEP, el gobierno de Oaxaca y el IEEPO mantienen un di\u00e1logo respetuoso con todos los actores del sector educativo, por eso hoy m\u00e1s que nunca se atienden las necesidades y se resuelven los problemas en mesas de trabajo. De esta manera se ha avanzado con resultados concretos.<\/p>\n\n\n\n<p>\u201cCabe resaltar que la atenci\u00f3n a los temas de los normalistas es a trav\u00e9s de su enlace de Comisi\u00f3n Pol\u00edtica y su enlace de Trabajo y Conflictos, lo cual ha sido permanente\u201d, indic\u00f3.<\/p>\n\n\n\n<p>Respecto a los da\u00f1os provocados por un grupo de j\u00f3venes que vandalizaron instalaciones p\u00fablicas, la Direcci\u00f3n de Asuntos Jur\u00eddicos del IEEPO ha procedido con las denuncias correspondientes, por da\u00f1os y robo, ante la instancia correspondiente.<\/p>\n\n\n\n<p>INTERESES EXTERNOS<\/p>\n\n\n\n<p>Por otro lado, de acuerdo con diversas fuentes informativas, las movilizaciones y actos vand\u00e1licos de los normalistas obedece a otros intereses ajenos al educativo.<\/p>\n\n\n\n<p>Incluso, con la violencia desatada buscan generar un conflicto similar al a\u00f1o 2006, con el prop\u00f3sito de victimizarse y buscar m\u00e1s prebendas.<\/p>\n\n\n\n<p>Presuntamente estos actos de provocaci\u00f3n son azuzados por Wilbert Santiago Valdivieso, secretario de Prensa y Propaganda de la Secci\u00f3n 22, y grupos magisteriales como la Uni\u00f3n de Trabajadores de la Educaci\u00f3n (UTE), de Rogelio Vargas Garfias; Praxis, de Luis Fernando Canseco Gir\u00f3n; y Chispa Clasista, de Ezequiel Rosales.<\/p>\n","protected":false},"excerpt":{"rendered":"<p>Redacci\u00f3n\/Zona Roja. Oaxaca de Ju\u00e1rez, Oax., 19 de abril de 2021.- Tras da\u00f1os y robo&hellip;<\/p>\n","protected":false},"author":2,"featured_media":26191,"comment_status":"closed","ping_status":"open","sticky":false,"template":"","format":"standard","meta":{"_lmt_disableupdate":"","_lmt_disable":"","_jetpack_memberships_contains_paid_content":false,"footnotes":""},"categories":[109,46],"tags":[599],"class_list":["post-26190","post","type-post","status-publish","format-standard","has-post-thumbnail","hentry","category-minuto-a-minuto","category-zona-blanca","tag-instituto-estatal-de-educacion-publica-de-oaxaca"],"jetpack_featured_media_url":"https:\/\/zonaroja.com.mx\/wp-content\/uploads\/2021\/04\/Vandalismo-normalistas.jpg","jetpack_sharing_enabled":true,"_links":{"self":[{"href":"https:\/\/zonaroja.com.mx\/index.php?rest_route=\/wp\/v2\/posts\/26190","targetHints":{"allow":["GET"]}}],"collection":[{"href":"https:\/\/zonaroja.com.mx\/index.php?rest_route=\/wp\/v2\/posts"}],"about":[{"href":"https:\/\/zonaroja.com.mx\/index.php?rest_route=\/wp\/v2\/types\/post"}],"author":[{"embeddable":true,"href":"https:\/\/zonaroja.com.mx\/index.php?rest_route=\/wp\/v2\/users\/2"}],"replies":[{"embeddable":true,"href":"https:\/\/zonaroja.com.mx\/index.php?rest_route=%2Fwp%2Fv2%2Fcomments&post=26190"}],"version-history":[{"count":1,"href":"https:\/\/zonaroja.com.mx\/index.php?rest_route=\/wp\/v2\/posts\/26190\/revisions"}],"predecessor-version":[{"id":26192,"href":"https:\/\/zonaroja.com.mx\/index.php?rest_route=\/wp\/v2\/posts\/26190\/revisions\/26192"}],"wp:featuredmedia":[{"embeddable":true,"href":"https:\/\/zonaroja.com.mx\/index.php?rest_route=\/wp\/v2\/media\/26191"}],"wp:attachment":[{"href":"https:\/\/zonaroja.com.mx\/index.php?rest_route=%2Fwp%2Fv2%2Fmedia&parent=26190"}],"wp:term":[{"taxonomy":"category","embeddable":true,"href":"https:\/\/zonaroja.com.mx\/index.php?rest_route=%2Fwp%2Fv2%2Fcategories&post=26190"},{"taxonomy":"post_tag","embeddable":true,"href":"https:\/\/zonaroja.com.mx\/index.php?rest_route=%2Fwp%2Fv2%2Ftags&post=26190"}],"curies":[{"name":"wp","href":"https:\/\/api.w.org\/{rel}","templated":true}]}}