{"id":26196,"date":"2021-04-20T07:10:01","date_gmt":"2021-04-20T12:10:01","guid":{"rendered":"http:\/\/www.zonaroja.com.mx\/?p=26196"},"modified":"2021-04-20T07:34:27","modified_gmt":"2021-04-20T12:34:27","slug":"inicia-otra-semana-caotica-en-oaxaca-bajo-complacencia-de-la-segego","status":"publish","type":"post","link":"https:\/\/zonaroja.com.mx\/?p=26196","title":{"rendered":"Le amanecen bloqueos a Segego en Oaxaca, ante incapacidad de di\u00e1logo"},"content":{"rendered":"\n<p>Yuridiana Sosa\/Zona Roja.<\/p>\n\n\n\n<p>Oaxaca de Ju\u00e1rez, Oax., 20 de abril de 2021.- Los incumplimientos y desatenciones de la Secretar\u00eda General de Gobierno (Segego) para algunos grupos sociales, dieron de nueva cuenta oportunidad y motivos para que las manifestaciones en Oaxaca contin\u00faen. Este martes, al menos dos bloqueos le amanecen al titular, Francisco Garc\u00eda L\u00f3pez, ante la falta de capacidad para dialogar y atender las protestas.<\/p>\n\n\n\n<p>Este lunes, la semana volvi\u00f3 a iniciar con bloqueos en protestas por habitantes de distintas regiones de la entidad, concentradas en la capital del estado, zona conurbada y el Istmo de Tehuantepec.<\/p>\n\n\n\n<p>CAPITAL DEL CAOS<\/p>\n\n\n\n<p>Organizaciones sociales de Oaxaca se manifestaron con bloqueos en calles donde se ubica la Casa Oficial de Gobierno, en el Centro Hist\u00f3rico y en el Instituto Nacional de Pueblos Ind\u00edgenas, en la zona norte de la capital.<\/p>\n\n\n\n<p>Desde temprana hora, el Frente Ind\u00edgena de Pueblos Olvidados de Oaxaca (FIPOO), apoyado por el Frente Juvenil Progresista, arrib\u00f3 frente a Casa Oficial, en la avenida Ju\u00e1rez, para instalar un \u201cplant\u00f3n\u201d indefinido, a fin de exigir a la Secretar\u00eda General de Gobierno una mesa de di\u00e1logo ante la desatenci\u00f3n en dos ocasiones anteriores.<\/p>\n\n\n\n<p>Los manifestantes se apoderaron de la calle; atravesaron veh\u00edculos particulares para cerrar el paso e instalar casa de campa\u00f1a, lonas y mantas frente al acceso principal de la residencia oficial del mandatario, Alejandro Murat.<\/p>\n\n\n\n<p>El dirigente de la organizaci\u00f3n, Arturo Ortega, se\u00f1al\u00f3 que la Secretar\u00eda General de Gobierno ha postergado su atenci\u00f3n desde el mes de diciembre para cumplir con una obra de bardeado perimetral de una telesecundaria, proyectada desde 2019.<\/p>\n\n\n\n<p>La obra es para la escuela telesecundaria \u201cMtro. Jos\u00e9 Vasconcelos\u201d de Santiago Huajolotitl\u00e1n ubicada sobre carretera Huajuapan-Tehuac\u00e1n, sobre la cual no hay respuestas y en la Secretar\u00eda de Finanzas tampoco ofrecen claridad sobre los recursos.<\/p>\n\n\n\n<p>En diciembre les indicaron que en enero tendr\u00edan respuestas, pero al no recibir ninguna informaci\u00f3n y darle tiempo una respuesta, la organizaci\u00f3n volvi\u00f3 a manifestarse con esta misma modalidad en marzo, cuando, ante el paro de la Polic\u00eda Estatal la Segego pidi\u00f3 que se retiraran al no existir condiciones para recibirlos. Esta ma\u00f1ana la manifestaci\u00f3n contin\u00faa.<\/p>\n\n\n\n<figure class=\"wp-block-embed-twitter wp-block-embed is-type-rich is-provider-twitter\"><div class=\"wp-block-embed__wrapper\">\n<div class=\"twitter-tweet\"><blockquote class=\"twitter-tweet\" data-lang=\"es\"><p lang=\"es\" dir=\"ltr\"><a href=\"https:\/\/twitter.com\/hashtag\/%C3%9AltimoMinuto?src=hash&amp;ref_src=twsrc%5Etfw\">#\u00daltimoMinuto<\/a> <br>Como cada semana, el lunes inici\u00f3 con intensas movilizaciones, a falta de atenci\u00f3n por parte de la <a href=\"https:\/\/twitter.com\/SEGEGO_GobOax?ref_src=twsrc%5Etfw\">@SEGEGO_GobOax<\/a>. <br>Una en\u00e9sima protesta se registra en la avenida Ju\u00e1rez, frente a la Casa Oficial de Gobierno, por parte del FIPOO. <a href=\"https:\/\/t.co\/rVrS4ifslf\">pic.twitter.com\/rVrS4ifslf<\/a><\/p>&mdash; Zona Roja Oaxaca (@Zona_Roja_Oax) <a href=\"https:\/\/twitter.com\/Zona_Roja_Oax\/status\/1384208868876582912?ref_src=twsrc%5Etfw\">19 de abril de 2021<\/a><\/blockquote><\/div>\n<\/div><\/figure>\n\n\n\n<p>TAMBI\u00c9N EN INPI<\/p>\n\n\n\n<p>Por su parte, el Consejo Ind\u00edgena Popular de Oaxaca \u201cRicardo Flores Mag\u00f3n\u201d (CIPO-RFM) se moviliz\u00f3 con decenas de habitantes de distintas regiones de la entidad frente a las oficinas del Instituto Nacional de Pueblos Ind\u00edgenas (INPI).<\/p>\n\n\n\n<p>La organizaci\u00f3n exigi\u00f3 una mesa de di\u00e1logo con el titular del INPI, el oaxaque\u00f1o Aldefo Regino Montes, para exponerle demandas que desde el pasado 8 de marzo, en otra protesta similar, las autoridades del INPI en Oaxaca se comprometieron a atender.<\/p>\n\n\n\n<p>La lideresa, Victoria Jim\u00e9nez Mendoza, se\u00f1al\u00f3 que el INPI se comprometi\u00f3 a revirar y dar respuesta sobre los presos ind\u00edgenas, as\u00ed como exigieron garant\u00edas para el regreso del compa\u00f1ero Ra\u00fal Gatica Bautista exiliado desde el 2005 en Vancouver, Canad\u00e1, por persecuci\u00f3n del gobierno de Jos\u00e9 Murat.<\/p>\n\n\n\n<p>Entre otras demandas, expusieron la revisi\u00f3n de los asesinatos de Gustavo Cruz Mendoza: Carpeta de investigaci\u00f3n 2157\/FCUE\/TUXTEPEC\/2019. CAUSA PENAL 0013\/2019; agresiones a Saturnino Cruz Mendoza, marcadas en la carpeta de investigaci\u00f3n 2845\/FCUE\/TUX\/2019 de Causa penal 0123\/2019, para quienes exige justicia.<\/p>\n\n\n\n<figure class=\"wp-block-embed-twitter wp-block-embed is-type-rich is-provider-twitter\"><div class=\"wp-block-embed__wrapper\">\n<div class=\"twitter-tweet\"><blockquote class=\"twitter-tweet\" data-lang=\"es\"><p lang=\"es\" dir=\"ltr\"><a href=\"https:\/\/twitter.com\/hashtag\/ENVIVO?src=hash&amp;ref_src=twsrc%5Etfw\">#ENVIVO<\/a> <br>Oaxaca de Ju\u00e1rez, Oax., 19 abril de 2021.- El Consejo Ind\u00edgena Popular de Oaxaca (CIPO) protesta en la sede del Instituto Nacional de Pueblos Ind\u00edgenas en la capital y bloquea vialidad. <br><br>Siga la transmisi\u00f3n:<br>\ud83d\udc47<a href=\"https:\/\/t.co\/GVKeN4mNvh\">https:\/\/t.co\/GVKeN4mNvh<\/a> <a href=\"https:\/\/t.co\/aoOq6VgQHR\">pic.twitter.com\/aoOq6VgQHR<\/a><\/p>&mdash; Zona Roja Oaxaca (@Zona_Roja_Oax) <a href=\"https:\/\/twitter.com\/Zona_Roja_Oax\/status\/1384177367908683781?ref_src=twsrc%5Etfw\">19 de abril de 2021<\/a><\/blockquote><\/div>\n<\/div><\/figure>\n\n\n\n<p>Respeto a los derechos de las mujeres ind\u00edgenas y alto a la persecuci\u00f3n de la Victoria Jim\u00e9nez Mendoza, para quien existen mecanismo de la protecci\u00f3n de la SEGOB caso MEC\/CEN\/109\/D\/E\/2019.<\/p>\n\n\n\n<p>As\u00ed como castigo a los responsables de la agresi\u00f3n a Maura Mendoza Acevedo por defender sus derechos humanos y los derechos de las mujeres. Ella tambi\u00e9n cuenta con medidas cautelares por amenazas y secuestro con n\u00famero de expediente DDHDO\/1460\/C04\/2020.<\/p>\n\n\n\n<p>Adem\u00e1s, a estas inconformidades se suma la de vecinos de Santa Luc\u00eda de Camino por incumplimiento y atraso en conclusi\u00f3n de obra de acuerdo al proyecto de ejecuci\u00f3n de obra. Ante la nula atenci\u00f3n de las autoridades, el bloqueo sigue esta ma\u00f1ana.<\/p>\n\n\n\n<p>TOMAN CIUDAD ADMINSITRATIVA<\/p>\n\n\n\n<p>En Tanto, integrantes del Sindicato de Trabajadores de los Telebachilleratos Comunitarios del Estado de Oaxaca (STTCEO) se apoderaron del acceso principal de Ciudad Administrativa en Tlalixtac de Cabrera.<\/p>\n\n\n\n<p>Luego de varias horas de manifestaci\u00f3n pac\u00edfica, los sindicalizados fueron recibidos en una mesa de di\u00e1logo por la Secretar\u00eda General de Gobierno.<\/p>\n\n\n\n<figure class=\"wp-block-embed-twitter wp-block-embed is-type-rich is-provider-twitter\"><div class=\"wp-block-embed__wrapper\">\n<div class=\"twitter-tweet\"><blockquote class=\"twitter-tweet\" data-lang=\"es\"><p lang=\"es\" dir=\"ltr\"><a href=\"https:\/\/twitter.com\/hashtag\/ENVIVO?src=hash&amp;ref_src=twsrc%5Etfw\">#ENVIVO<\/a><br>Santa Luc\u00eda del Camino, Oax., 19 de abril de 2021.- Habitantes de la colonia Antiguo Aeropuerto, para pedir la conclusi\u00f3n de una obra de pavimentaci\u00f3n en la calle Orqu\u00eddeas.<br>Siga la transmisi\u00f3n:<br>\ud83d\udc47<a href=\"https:\/\/t.co\/o3T7iK3zJM\">https:\/\/t.co\/o3T7iK3zJM<\/a> <a href=\"https:\/\/t.co\/mFCue65d7l\">pic.twitter.com\/mFCue65d7l<\/a><\/p>&mdash; Zona Roja Oaxaca (@Zona_Roja_Oax) <a href=\"https:\/\/twitter.com\/Zona_Roja_Oax\/status\/1384166130239950854?ref_src=twsrc%5Etfw\">19 de abril de 2021<\/a><\/blockquote><\/div>\n<\/div><\/figure>\n\n\n\n<p>TAMBI\u00c9N COLONOS<\/p>\n\n\n\n<p>Habitantes de la colonia Antiguo Aeropuerto, de Santa Luc\u00eda del Camino, se manifestaron tambi\u00e9n ayer para exigir al gobernador Alejandro Murat cumplimiento con la obra de pavimentaci\u00f3n y luminarias, con lo que advirtieron que no permitir\u00e1n la apertura de vialidad hasta que no se concluya en su totalidad el proyecto.<\/p>\n\n\n\n<p>El comit\u00e9 de vecinos encabezado por la presidenta de la colonia, Lorena L\u00f3pez, dieron a conocer en conferencia de prensa, que el proyecto de pavimentaci\u00f3n hidr\u00e1ulica con instalaci\u00f3n de luminarias para un kil\u00f3metro se realiza en dos etapas, pero a poco m\u00e1s de un a\u00f1o de la primera con 450 metros no acaban.<\/p>\n\n\n\n<p>Se\u00f1alaron que la pavimentaci\u00f3n en la calle de Prolongaci\u00f3n de Orqu\u00eddeas, concluy\u00f3 hace dos semanas, pero falta la instalaci\u00f3n de 36 luminarias con cableado subterr\u00e1neos y no hay labores para su instalaci\u00f3n.<\/p>\n\n\n\n<p>Las luminarias son indispensables para ofrecer seguridad en la zona, tanto de los vecinos como de quienes transitan por el lugar al ser camino de conexi\u00f3n con distintas agencias de Santa Luc\u00eda y de la capital del estado.<\/p>\n\n\n\n<p>Los representantes de vecinos de la colonia Antiguo Aeropuerto apuntaron que hace una semana la Secretar\u00eda General de Gobierno, por medio de su titular, Francisco Garc\u00eda, as\u00ed como autoridades de las Secretar\u00edas de Finanzas, de las Infraestructuras (Sinfra) y del Comit\u00e9 de Planeaci\u00f3n del Desarrollo Estatal (COPLADE) se comprometieron a resolver sobre su petici\u00f3n, de por s\u00ed incluida en el proyecto de 11 millones pesos, pero a la fecha no hay respuesta.<\/p>\n\n\n\n<p>La vialidad comunica al sur con la colonia Las Flores, Santa Mar\u00eda Ixcotel y a inmediaciones de la carretera internacional 190, mientras que al norte, con la unidad Ricardo Flores Mag\u00f3n.<\/p>\n\n\n\n<p>EN EL ISTMO<\/p>\n\n\n\n<p>En esta regi\u00f3n de la entidad, los bloqueos carreteros tampoco dan tregua. Este inicio de semana fueron los habitantes de la agencia municipal Puente Madera de San Blas Atempa los que cerraron la circulaci\u00f3n vial.<\/p>\n\n\n\n<p>Los inconformes activaron un bloqueo carretero en el tramo Juchit\u00e1n-Tehuantepec, en la carretera federal 185, para exigir a las autoridades estatales la destituci\u00f3n formal del Comisariado de San Blas Atempa ante la manipulaci\u00f3n de informaci\u00f3n para que las familias accedan a la construcci\u00f3n del parque industrial.<\/p>\n\n\n\n<p>Apuntaron que se han percatado de la falsificaci\u00f3n de firmas de comuneros que habitan en la zona. Por la noche se retir\u00f3 el bloqueo.<\/p>\n","protected":false},"excerpt":{"rendered":"<p>Yuridiana Sosa\/Zona Roja. Oaxaca de Ju\u00e1rez, Oax., 20 de abril de 2021.- Los incumplimientos y&hellip;<\/p>\n","protected":false},"author":2,"featured_media":26211,"comment_status":"closed","ping_status":"open","sticky":false,"template":"","format":"standard","meta":{"_lmt_disableupdate":"","_lmt_disable":"","_jetpack_memberships_contains_paid_content":false,"footnotes":""},"categories":[109,47],"tags":[2264],"class_list":["post-26196","post","type-post","status-publish","format-standard","has-post-thumbnail","hentry","category-minuto-a-minuto","category-zona-gris","tag-bloqueos-y-protestas-oaxaca"],"jetpack_featured_media_url":"https:\/\/zonaroja.com.mx\/wp-content\/uploads\/2021\/04\/Bloqueos-Oaxaca-CIPO.jpg","jetpack_sharing_enabled":true,"_links":{"self":[{"href":"https:\/\/zonaroja.com.mx\/index.php?rest_route=\/wp\/v2\/posts\/26196","targetHints":{"allow":["GET"]}}],"collection":[{"href":"https:\/\/zonaroja.com.mx\/index.php?rest_route=\/wp\/v2\/posts"}],"about":[{"href":"https:\/\/zonaroja.com.mx\/index.php?rest_route=\/wp\/v2\/types\/post"}],"author":[{"embeddable":true,"href":"https:\/\/zonaroja.com.mx\/index.php?rest_route=\/wp\/v2\/users\/2"}],"replies":[{"embeddable":true,"href":"https:\/\/zonaroja.com.mx\/index.php?rest_route=%2Fwp%2Fv2%2Fcomments&post=26196"}],"version-history":[{"count":3,"href":"https:\/\/zonaroja.com.mx\/index.php?rest_route=\/wp\/v2\/posts\/26196\/revisions"}],"predecessor-version":[{"id":26218,"href":"https:\/\/zonaroja.com.mx\/index.php?rest_route=\/wp\/v2\/posts\/26196\/revisions\/26218"}],"wp:featuredmedia":[{"embeddable":true,"href":"https:\/\/zonaroja.com.mx\/index.php?rest_route=\/wp\/v2\/media\/26211"}],"wp:attachment":[{"href":"https:\/\/zonaroja.com.mx\/index.php?rest_route=%2Fwp%2Fv2%2Fmedia&parent=26196"}],"wp:term":[{"taxonomy":"category","embeddable":true,"href":"https:\/\/zonaroja.com.mx\/index.php?rest_route=%2Fwp%2Fv2%2Fcategories&post=26196"},{"taxonomy":"post_tag","embeddable":true,"href":"https:\/\/zonaroja.com.mx\/index.php?rest_route=%2Fwp%2Fv2%2Ftags&post=26196"}],"curies":[{"name":"wp","href":"https:\/\/api.w.org\/{rel}","templated":true}]}}