{"id":26206,"date":"2021-04-19T23:08:14","date_gmt":"2021-04-20T04:08:14","guid":{"rendered":"https:\/\/www.zonaroja.com.mx\/?p=26206"},"modified":"2021-04-20T06:05:49","modified_gmt":"2021-04-20T11:05:49","slug":"ejecutan-a-un-individuo-en-juchitan-es-el-cuarto-en-una-semana","status":"publish","type":"post","link":"https:\/\/zonaroja.com.mx\/?p=26206","title":{"rendered":"Ejecutan a un individuo en Juchit\u00e1n; es el cuarto en una semana"},"content":{"rendered":"\n<p class=\"MsoNormal\">Ismael Garc\u00eda M.\/Zona Roja.<\/p>\n\n\n\n<p class=\"MsoNormal\">Oaxaca de Ju\u00e1rez, Oax., 10 de abril de 2021.- Una cuarta persona fue ejecutada en Juchit\u00e1n de Zaragoza, en menos de una semana.<\/p>\n\n\n\n<p class=\"MsoNormal\">El m\u00e1s reciente hecho criminal se registr\u00f3 la tarde de&nbsp;<a href=\"\/\/1\">este lunes<\/a>&nbsp;en el exterior de un domicilio en la S\u00e9ptima Secci\u00f3n, donde presuntos sicarios con armas de grueso calibre balearon a un individuo.<\/p>\n\n\n\n<p class=\"MsoNormal\">La v\u00edctima fue identificada de manera preliminar como Juan Carlos C. C., originario del estado de Veracruz, y con domicilio en la colonia Lorenza Santiago; los familiares retiraron de inmediato el cuerpo y lo introdujeron a su domicilio.<\/p>\n\n\n\n<p>En menos de una semana, suman cuatro personas asesinadas a balazos en Juchit\u00e1n, sin que haya personas detenidas como probables responsables. <\/p>\n\n\n\n<p class=\"MsoNormal\">Por otra parte, tambi\u00e9n esta tarde pero en la ciudad de Oaxaca, una mujer fue agredida a pu\u00f1aladas, en inmediaciones de la Central de Abasto; fue trasladada a un hospital por parte de la Cruz Roja Mexicana y a\u00f9n se ignoran sus datos generales.<\/p>\n\n\n\n<p class=\"MsoNormal\">En tanto que en Rojas de Cuahut\u00e9moc, municipio conurbado a la capital, una persona del sexo masculino presuntamente se quit\u00f3 la vida; la v\u00edctima que se colg\u00f3 de un \u00e1rbol fue identificada como Guillermo Adonis Rojas Arango.<\/p>\n\n\n\n<p class=\"MsoNormal\">A su vez, en Puerto Escondido un individuo fue presuntamente secuestrado y posteriormente tirado desde un veh\u00edculo en movimiento.<\/p>\n\n\n\n<p class=\"MsoNormal\">Se hall\u00f3 con diversos golpes, maniatado, en inmediaciones del fraccionamiento La Parota; fue atendido por param\u00e9dicos y trasladado a un hospital; se identific\u00f3 como Joel G. A., de 46 a\u00f1os de edad.<\/p>\n","protected":false},"excerpt":{"rendered":"<p>Ismael Garc\u00eda M.\/Zona Roja. Oaxaca de Ju\u00e1rez, Oax., 10 de abril de 2021.- Una cuarta&hellip;<\/p>\n","protected":false},"author":2,"featured_media":13196,"comment_status":"closed","ping_status":"open","sticky":false,"template":"","format":"standard","meta":{"_lmt_disableupdate":"","_lmt_disable":"","_jetpack_memberships_contains_paid_content":false,"footnotes":""},"categories":[109,51],"tags":[1140],"class_list":["post-26206","post","type-post","status-publish","format-standard","has-post-thumbnail","hentry","category-minuto-a-minuto","category-zona-roja","tag-juchita-de-zaragoza"],"jetpack_featured_media_url":"https:\/\/zonaroja.com.mx\/wp-content\/uploads\/2020\/06\/IMG_7822.jpg","jetpack_sharing_enabled":true,"_links":{"self":[{"href":"https:\/\/zonaroja.com.mx\/index.php?rest_route=\/wp\/v2\/posts\/26206","targetHints":{"allow":["GET"]}}],"collection":[{"href":"https:\/\/zonaroja.com.mx\/index.php?rest_route=\/wp\/v2\/posts"}],"about":[{"href":"https:\/\/zonaroja.com.mx\/index.php?rest_route=\/wp\/v2\/types\/post"}],"author":[{"embeddable":true,"href":"https:\/\/zonaroja.com.mx\/index.php?rest_route=\/wp\/v2\/users\/2"}],"replies":[{"embeddable":true,"href":"https:\/\/zonaroja.com.mx\/index.php?rest_route=%2Fwp%2Fv2%2Fcomments&post=26206"}],"version-history":[{"count":2,"href":"https:\/\/zonaroja.com.mx\/index.php?rest_route=\/wp\/v2\/posts\/26206\/revisions"}],"predecessor-version":[{"id":26208,"href":"https:\/\/zonaroja.com.mx\/index.php?rest_route=\/wp\/v2\/posts\/26206\/revisions\/26208"}],"wp:featuredmedia":[{"embeddable":true,"href":"https:\/\/zonaroja.com.mx\/index.php?rest_route=\/wp\/v2\/media\/13196"}],"wp:attachment":[{"href":"https:\/\/zonaroja.com.mx\/index.php?rest_route=%2Fwp%2Fv2%2Fmedia&parent=26206"}],"wp:term":[{"taxonomy":"category","embeddable":true,"href":"https:\/\/zonaroja.com.mx\/index.php?rest_route=%2Fwp%2Fv2%2Fcategories&post=26206"},{"taxonomy":"post_tag","embeddable":true,"href":"https:\/\/zonaroja.com.mx\/index.php?rest_route=%2Fwp%2Fv2%2Ftags&post=26206"}],"curies":[{"name":"wp","href":"https:\/\/api.w.org\/{rel}","templated":true}]}}